{"id":1637,"count":0,"description":"Ferdinand G\u00f6tz se narodil v roce 1874 ve F\u00fcrthu a zem\u0159el v roce 1941 v Pa\u0159\u00ed\u017ei. Byl \u017eidovsk\u00e9ho p\u016fvodu a profesn\u011b se v\u011bnoval architektu\u0159e i um\u011bleck\u00e9mu mal\u00ed\u0159stv\u00ed.\n\nV roce 1895 se G\u00f6tz p\u0159est\u011bhoval do Mnichova a za\u010dal studovat na mnichovsk\u00e9 Akademii um\u011bn\u00ed, kde se u\u010dil mimo jin\u00e9 u n\u011bmecko-americk\u00e9ho um\u011blce, univerzitn\u00edho pedagoga a pozd\u011bj\u0161\u00edho rektora Carla von Marra. G\u00f6tz se projevil jako mimo\u0159\u00e1dn\u011b v\u0161estrann\u00fd um\u011blec. Vytv\u00e1\u0159el dekory, designov\u00fd n\u00e1bytek a divadeln\u00ed kulisy. Od roku 1900 pracoval jako ilustr\u00e1tor pro n\u011bmeck\u00fd \u010dasopis \u201eJugend\u201c, kter\u00fd dal jm\u00e9no pozd\u011bj\u0161\u00edmu hnut\u00ed \u201eJugendstil\u201c.\n\nV letech 1899 a\u017e p\u0159ibli\u017en\u011b 1928 byl st\u00e1l\u00fdm ilustr\u00e1torem satirick\u00e9ho \u010dasopisu \u201eMeggendorfer Bl\u00e4tter\u201c a \u201eFliegende Bl\u00e4tter\u201c, kde pracoval jako kresl\u00ed\u0159 a karikaturista. Zejm\u00e9na v letech 1930-1935 vytvo\u0159il pro \u201eFliegende Bl\u00e4tter\u201c kolem 80 kreseb.\n\nV\u00fdznamn\u00fdm projektem byla jeho \u00fa\u010dast na p\u0159\u00edstavb\u011b luxusn\u00edho Grand Hotelu Continental v Mnichov\u011b v roce 1910. G\u00f6tz byl spolu s Ludwigem Hohlweinem zodpov\u011bdn\u00fd za p\u0159\u00edstavbu \u010dtvrt\u00e9ho patra a n\u00e1vrh interi\u00e9ru nov\u00e9ho \u010dtvrt\u00e9ho patra s 18 pokoji pro hosty.\n\nJeho \u017eivot se dramaticky zm\u011bnil s n\u00e1stupem n\u00e1rodn\u00edho socialismu. Jako \u017didovi mu bylo odep\u0159eno \u010dlenstv\u00ed v \u0158\u00ed\u0161sk\u00e9 komo\u0159e v\u00fdtvarn\u00fdch um\u011bn\u00ed, co\u017e ho donutilo \u017e\u00edt od roku 1936 v zahrani\u010d\u00ed. Nakonec se usadil v Pa\u0159\u00ed\u017ei, kde v roce 1941 zem\u0159el, pravd\u011bpodobn\u011b sebevra\u017edou.","link":"https:\/\/collection.galerie-gerdes.com\/cs\/c\/umelci\/ferdinand-gotz-cs\/","name":"Ferdinand G\u00f6tz","slug":"ferdinand-gotz-cs","taxonomy":"product_cat","parent":1853,"meta":[],"_links":{"self":[{"href":"https:\/\/collection.galerie-gerdes.com\/cs\/wp-json\/wp\/v2\/product_cat\/1637","targetHints":{"allow":["GET"]}}],"collection":[{"href":"https:\/\/collection.galerie-gerdes.com\/cs\/wp-json\/wp\/v2\/product_cat"}],"about":[{"href":"https:\/\/collection.galerie-gerdes.com\/cs\/wp-json\/wp\/v2\/taxonomies\/product_cat"}],"up":[{"embeddable":true,"href":"https:\/\/collection.galerie-gerdes.com\/cs\/wp-json\/wp\/v2\/product_cat\/1853"}],"wp:post_type":[{"href":"https:\/\/collection.galerie-gerdes.com\/cs\/wp-json\/wp\/v2\/product?product_cat=1637"}],"curies":[{"name":"wp","href":"https:\/\/api.w.org\/{rel}","templated":true}]}}