{"id":2157,"count":0,"description":"Alfred Herbert Georg Seidel (1. listopadu 1913 - 20. listopadu 2001) byl v\u00fdznamn\u00fd n\u011bmeck\u00fd grafik a mal\u00ed\u0159, jeho\u017e d\u00edlo zahrnovalo \u0161irokou \u0161k\u00e1lu um\u011bleck\u00fdch v\u00fdrazov\u00fdch prost\u0159edk\u016f.\n\nAlfred Seidel se narodil 1. listopadu 1913 v Breslau a kr\u00e1tce po smrti sv\u00e9ho otce Otty b\u011bhem prvn\u00ed sv\u011btov\u00e9 v\u00e1lky byl matkou Mari\u00ed odvezen do hornoslezsk\u00e9ho m\u011bste\u010dka Scharley neboli Deutsch-Piekar, kde vyr\u016fstal u p\u0159\u00edbuzn\u00fdch spole\u010dn\u011b se svou sestrou Helene. Formativn\u00ed prost\u0159ed\u00ed uheln\u00fdch dol\u016f pobl\u00ed\u017e tehdej\u0161\u00edch rusk\u00fdch hranic m\u011blo na jeho ran\u00fd v\u00fdvoj v\u00fdznamn\u00fd vliv.\n\nJeho v\u00fdtvarn\u00e9 nad\u00e1n\u00ed bylo brzy rozpozn\u00e1no a podporov\u00e1no zejm\u00e9na pozorn\u00fdm u\u010ditelem kreslen\u00ed b\u011bhem \u0161koln\u00edch let na re\u00e1ln\u00e9m gymn\u00e1ziu v Beuthenu, kter\u00e9 nav\u0161t\u011bvoval od roku 1924. Seidel c\u00edtil sv\u00e9 um\u011bleck\u00e9 povol\u00e1n\u00ed ji\u017e v ml\u00e1d\u00ed.\n\nPo odchodu z re\u00e1ln\u00e9ho gymn\u00e1zia kr\u00e1tce p\u0159ed maturitou se v roce 1933 za\u010dal vzd\u011bl\u00e1vat jako divadeln\u00ed mal\u00ed\u0159. N\u00e1sledovalo anga\u017em\u00e1 v Hornoslezsk\u00e9m zemsk\u00e9m divadle v Bytomi a pozd\u011bji ve Stadttheater v Salcburku, kde byl prvn\u00edm divadeln\u00edm mal\u00ed\u0159em a vedouc\u00edm studia.\n\nB\u011bhem druh\u00e9 sv\u011btov\u00e9 v\u00e1lky byl Seidel dvakr\u00e1t zran\u011bn a p\u0159i\u0161el o prav\u00e9 oko. Navzdory tomuto posti\u017een\u00ed z\u016fstala jeho v\u00e1\u0161e\u0148 pro um\u011bn\u00ed nezlomena. Vytvo\u0159il \u0159adu grafik, kreseb, obraz\u016f, vitr\u00e1\u017e\u00ed do kosteln\u00edch m\u00edstnost\u00ed a soch. Jeho hlubok\u00e1 l\u00e1ska k literatu\u0159e se odr\u00e1\u017eela i v jeho ilustrac\u00edch a liter\u00e1rn\u00edch d\u00edlech.\n\nPo propu\u0161t\u011bn\u00ed z americk\u00e9ho zajet\u00ed v roce 1945 na\u0161el Seidel nov\u00fd domov nejprve v Sillenbuchu a od roku 1954 v Schorndorfu. Zde byl dlouh\u00e1 l\u00e9ta \u010dlenem Esslingensk\u00e9ho um\u011bleck\u00e9ho spolku.\n\nAlfred Seidel zem\u0159el 20. listopadu 2001 v Schorndorfu, kde ho p\u0159e\u017eila man\u017eelka Elisabeth a t\u0159i d\u011bti Susanne, Matthias a Christoph. V roce 2017 odk\u00e1zali jeho d\u011bdicov\u00e9 v\u00fdznamnou \u010d\u00e1st jeho d\u011bl m\u011bstu Schorndorf.","link":"https:\/\/collection.galerie-gerdes.com\/cs\/c\/umelci\/alfred-georg-seidel-cs\/","name":"Alfred Georg Seidel","slug":"alfred-georg-seidel-cs","taxonomy":"product_cat","parent":1853,"meta":[],"_links":{"self":[{"href":"https:\/\/collection.galerie-gerdes.com\/cs\/wp-json\/wp\/v2\/product_cat\/2157","targetHints":{"allow":["GET"]}}],"collection":[{"href":"https:\/\/collection.galerie-gerdes.com\/cs\/wp-json\/wp\/v2\/product_cat"}],"about":[{"href":"https:\/\/collection.galerie-gerdes.com\/cs\/wp-json\/wp\/v2\/taxonomies\/product_cat"}],"up":[{"embeddable":true,"href":"https:\/\/collection.galerie-gerdes.com\/cs\/wp-json\/wp\/v2\/product_cat\/1853"}],"wp:post_type":[{"href":"https:\/\/collection.galerie-gerdes.com\/cs\/wp-json\/wp\/v2\/product?product_cat=2157"}],"curies":[{"name":"wp","href":"https:\/\/api.w.org\/{rel}","templated":true}]}}