{"id":4336,"count":0,"description":"K\u00e4te Schaller-H\u00e4rlin, rozen\u00e1 H\u00e4rlin, (* 19. \u0159\u00edjna 1877, Mangalore, Karn\u00e1taka, Indie; \u2020 9. kv\u011btna 1973, Stuttgart-Rotenberg; cel\u00fdm jm\u00e9nem Katharina Maria Schaller-H\u00e4rlin) byla n\u011bmeck\u00e1 mal\u00ed\u0159ka zn\u00e1m\u00e1 sv\u00fdmi portr\u00e9ty, z\u00e1ti\u0161\u00edmi a monument\u00e1ln\u00edmi kosteln\u00edmi obrazy.\n\nH\u00e4rlinov\u00e1 byla \u010dtvrt\u00fdm z osmi d\u011bt\u00ed protestantsk\u00e9ho pastora a mision\u00e1\u0159e v Indii Emmericha H\u00e4rlina a jeho man\u017eelky Anny H\u00e4rlinov\u00e9, rozen\u00e9 Nastov\u00e9. Vyr\u016fstala v Gruibingenu. Jej\u00ed mlad\u0161\u00ed sestrou byla kerami\u010dka Dorkas Reinacher-H\u00e4rlinov\u00e1.\n\nH\u00e4rlinov\u00e1 nav\u0161t\u011bvovala st\u0159edn\u00ed \u0161kolu sv\u00e9ho str\u00fdce v G\u00f6ppingenu, H\u00e4rlinsche T\u00f6chterinstitut. Kolem roku 1893 za\u010dala studovat na Um\u011bleckopr\u016fmyslov\u00e9 \u0161kole ve Stuttgartu u Magdaleny Schweizerov\u00e9. Ve W\u00fcrttembergischer Malerinnenverein se u\u010dila kreslit akty u Rudolfa Jelina star\u0161\u00edho. V letech 1900-1904 studovala na Damenakademie des M\u00fcnchner K\u00fcnstlerinnenverein a publikovala sv\u00e9 prvn\u00ed ilustrace v \u010dasopisech Jugend a Meggendorfer Bl\u00e4tter. Jej\u00ed studijn\u00ed cesty vedly do It\u00e1lie a Francie.\n\nV letn\u00edm semestru roku 1909 nav\u0161t\u011bvovala hodiny u Adolfa H\u00f6lzela na Kr\u00e1lovsk\u00e9 akademii v\u00fdtvarn\u00fdch um\u011bn\u00ed ve Stuttgartu. V roce 1911 se provdala za stuttgartsk\u00e9ho historika um\u011bn\u00ed a obchodn\u00edka s um\u011bn\u00edm Hanse Otto Schallera, s n\u00edm\u017e m\u011bla dceru Sibylle. Hans Otto Schaller padl p\u0159ed Ypres v roce 1917.\n\nSchallerov\u00e1-H\u00e4rlinov\u00e1 byla zn\u00e1m\u00e1 p\u0159edev\u0161\u00edm jako portr\u00e9tistka a d\u00edky rozs\u00e1hl\u00fdm kontakt\u016fm se dok\u00e1zala u\u017eivit a vychovat dceru. Namalovala portr\u00e9ty mnoha zn\u00e1m\u00fdch osobnost\u00ed, v\u010detn\u011b Theodora Heusse a Elisabeth Mannov\u00e9.\n\nV roce 1944 byl jej\u00ed d\u016fm a ateli\u00e9r ve Stuttgartu zni\u010den, na\u010de\u017e se p\u0159est\u011bhovala do Eschachu. V roce 1950 se p\u0159est\u011bhovala do vily Schaller na Rotenbergu ve Stuttgartu, kde \u017eila a\u017e do sv\u00e9 smrti. K\u00e4te Schaller-H\u00e4rlinov\u00e1 se a\u017e do vysok\u00e9ho v\u011bku v\u011bnovala malb\u011b p\u0159edev\u0161\u00edm z\u00e1ti\u0161\u00ed.\n\nSpolu s c\u00edrkevn\u00edm architektem Martinem Elsaesserem vytvo\u0159ila n\u00e1st\u011bnn\u00e9 a sklen\u011bn\u00e9 malby pro r\u016fzn\u00e9 protestantsk\u00e9 kostely ve W\u00fcrttembersku, nap\u0159\u00edklad pro evangelick\u00fd farn\u00ed kostel ve Stuttgartu-Gaisburgu (1913), evangelick\u00fd kostel svat\u00e9ho Martina v Oberesslingenu (1918), evangelick\u00fd kostel svat\u00e9ho Bla\u017eeje v Holzelfingenu (1909), evangelick\u00fd Luther\u016fv kostel v Baden-Badenu Lichtental (1907 a 1910) a Eberhardskirche v T\u00fcbingenu (1911).\n\nJej\u00ed d\u00edlo zahrnuje ilustrace, n\u00e1st\u011bnn\u00e9 a sklen\u011bn\u00e9 sakr\u00e1ln\u00ed malby, portr\u00e9ty, z\u00e1ti\u0161\u00ed a krajinomalby. Giottova studia ve Florencii formovala jej\u00ed monument\u00e1ln\u00ed mal\u00ed\u0159sk\u00fd styl, kter\u00fd vych\u00e1zel ze secesn\u00ed malby a byl pr\u016fb\u011b\u017en\u011b modernizov\u00e1n d\u00edky setk\u00e1n\u00ed s d\u00edly Henriho Matisse, Maurice Denise a Paula C\u00e9zanna. Jako \u017eena hr\u00e1la kl\u00ed\u010dovou roli v oblasti sakr\u00e1ln\u00edho designu st\u011bn a oken.\n\nHrob K\u00e4te Schaller-H\u00e4rlinov\u00e9 se nach\u00e1z\u00ed na Pra\u017esk\u00e9m h\u0159bitov\u011b ve Stuttgartu.","link":"https:\/\/collection.galerie-gerdes.com\/cs\/c\/umelci\/kathe-harlin-cs\/","name":"K\u00e4the H\u00e4rlin","slug":"kathe-harlin-cs","taxonomy":"product_cat","parent":1853,"meta":[],"_links":{"self":[{"href":"https:\/\/collection.galerie-gerdes.com\/cs\/wp-json\/wp\/v2\/product_cat\/4336","targetHints":{"allow":["GET"]}}],"collection":[{"href":"https:\/\/collection.galerie-gerdes.com\/cs\/wp-json\/wp\/v2\/product_cat"}],"about":[{"href":"https:\/\/collection.galerie-gerdes.com\/cs\/wp-json\/wp\/v2\/taxonomies\/product_cat"}],"up":[{"embeddable":true,"href":"https:\/\/collection.galerie-gerdes.com\/cs\/wp-json\/wp\/v2\/product_cat\/1853"}],"wp:post_type":[{"href":"https:\/\/collection.galerie-gerdes.com\/cs\/wp-json\/wp\/v2\/product?product_cat=4336"}],"curies":[{"name":"wp","href":"https:\/\/api.w.org\/{rel}","templated":true}]}}