{"id":4498,"count":0,"description":"Emanuel Salomon von Friedberg-M\u00edrohorsk\u00fd (18. ledna 1829, Praha - 10. prosince 1908, Praha) byl \u010desk\u00fd mal\u00ed\u0159, ilustr\u00e1tor, p\u0159ekladatel, spisovatel a d\u016fstojn\u00edk rakousk\u00e9 arm\u00e1dy. Byl tak\u00e9 zast\u00e1ncem vegetari\u00e1nstv\u00ed a abstinence. \u201eM\u00edrohorsk\u00fd\u201c byl um\u011bleck\u00fd pseudonym, kter\u00fd m\u00e1 v \u010de\u0161tin\u011b stejn\u00fd v\u00fdznam jako \u201eFriedberg\u201c (pokojn\u00e1 hora).\n\nNarodil se ve zn\u00e1m\u00e9 rodin\u011b Salomona von Friedberg. V roce 1837 za\u010dal nav\u0161t\u011bvovat hodiny kreslen\u00ed na m\u00edstn\u00edm gymn\u00e1ziu, kter\u00e9 organizovali Franti\u0161ek Tkadl\u00edk a Anton\u00edn M\u00e1nes z Akademie v\u00fdtvarn\u00fdch um\u011bn\u00ed. V roce 1840 se stal studentem Terezi\u00e1nsk\u00e9 vojensk\u00e9 akademie, kde byl jedn\u00edm z jeho u\u010ditel\u016f jeho str\u00fdc Mo\u0159ic Fialka, d\u016fstojn\u00edk a novin\u00e1\u0159, kter\u00fd m\u011bl na Emanuela velk\u00fd vliv.\n\nStudium ukon\u010dil v roce 1847 a vr\u00e1til se do Prahy, kde nastoupil k 28. p\u011b\u0161\u00edmu pluku. V roce 1848, kdy za\u010daly revoluce, bojoval jeho pluk pod velen\u00edm poln\u00edho mar\u0161\u00e1la Radeck\u00e9ho v bitv\u011b u Custozzy. Z\u00fa\u010dastnil se tak\u00e9 potla\u010den\u00ed revoluce ve V\u00eddni a pozd\u011bji v Uhr\u00e1ch. Za state\u010dnost v bitv\u011b u K\u00e1polny 27. \u00fanora 1849 byl vyznamen\u00e1n Vojensk\u00fdm z\u00e1slu\u017en\u00fdm k\u0159\u00ed\u017eem.\n\nV n\u00e1sleduj\u00edc\u00edch letech pracoval na vojensk\u00e9m mapov\u00e1n\u00ed Vojvodiny, Vala\u0161ska a Uher a rychle ud\u011blal kari\u00e9ru. B\u011bhem v\u00e1lky s N\u011bmeckem v roce 1866 p\u016fsobil jako n\u00e1\u010deln\u00edk gener\u00e1ln\u00edho \u0161t\u00e1bu ve Veron\u011b a vedl jedn\u00e1n\u00ed s italsk\u00fdm gener\u00e1lem Enricem Cialdinim, jeho\u017e vojska ileg\u00e1ln\u011b p\u0159ekro\u010dila hranice. Pot\u00e9 byl p\u0159evelen na velitelstv\u00ed v Zadaru.\n\nV roce 1873 byl pov\u00fd\u0161en na gener\u00e1lmajora a v roce 1878 na poln\u00edho podmar\u0161\u00e1lka. B\u011bhem sv\u00e9 vojensk\u00e9 kari\u00e9ry maloval, kdykoli to bylo mo\u017en\u00e9, a psal \u010dl\u00e1nky do \u010desk\u00fdch novin.\n\nDo v\u00fdslu\u017eby ode\u0161el v roce 1883 po slavnostn\u00ed ve\u010de\u0159i s c\u00edsa\u0159em Franti\u0161kem Josefem, na kter\u00e9 do\u0161lo k neshod\u00e1m ohledn\u011b \u010desk\u00e9ho nacionalismu, i kdy\u017e nen\u00ed jist\u00e9, zda to byl d\u016fvod. Po odchodu do v\u00fdslu\u017eby mu byl ud\u011blen \u0158\u00e1d \u017eelezn\u00e9 koruny a o rok pozd\u011bji byl jmenov\u00e1n baronem.\n\nUsadil se v Praze, kde se v\u011bnoval r\u016fzn\u00fdm z\u00e1jm\u016fm, mimo jin\u00e9 malov\u00e1n\u00ed a psan\u00ed. Jeho d\u00edla zahrnovala r\u016fzn\u00e9 \u017e\u00e1nry, v\u010detn\u011b bitevn\u00edch sc\u00e9n na objedn\u00e1vku c\u00edsa\u0159e. Jeho ran\u00e1 d\u00edla tvo\u0159ily p\u0159edev\u0161\u00edm akvarely, proto\u017ee pr\u00e1ce s olejem v ter\u00e9nu byla obt\u00ed\u017en\u00e1. Ilustroval tak\u00e9 knihy a poskytl mo\u017en\u00e1 tis\u00edce kreseb pro \u010dasopisy, kter\u00e9 byly publikov\u00e1ny anonymn\u011b, proto\u017ee byly kritick\u00e9 v\u016f\u010di vl\u00e1d\u011b. V roce 1891 m\u011bl velkou v\u00fdstavu na V\u0161eobecn\u00e9 zemsk\u00e9 a jubilejn\u00ed v\u00fdstav\u011b. V\u011bt\u0161inu sv\u00fdch obraz\u016f rozdal muze\u00edm, c\u00edrkv\u00edm, p\u0159\u00e1tel\u016fm a b\u00fdval\u00fdm koleg\u016fm.\n\nVe vlastn\u00edch spisech se \u010dasto zmi\u0148oval o sv\u00e9 vojensk\u00e9 slu\u017eb\u011b, mimo jin\u00e9 ve V\u00e1le\u010dnictv\u00ed poln\u00edm a vojensk\u00e9m (z\u010d\u00e1sti napsal Miroslav Tyr\u0161). P\u0159isp\u00edval tak\u00e9 \u010dl\u00e1nky do Ottovy encyklopedie a napsal n\u011bkolik divadeln\u00edch her. Jeho nejv\u00fdznamn\u011bj\u0161\u00edm, ale dosud nepublikovan\u00fdm d\u00edlem je autobiografie \u201ePam\u011bti z m\u00e9ho \u017eit\u00ed\u201c.\n\nEmanuel byl jazykov\u011b velmi nadan\u00fd, hovo\u0159il plynn\u011b \u010desky, n\u011bmecky, francouzsky, italsky a anglicky a tak\u00e9 n\u011bkter\u00fdmi dal\u0161\u00edmi slovansk\u00fdmi jazyky. Do \u010de\u0161tiny p\u0159elo\u017eil n\u011bkolik knih.\n\nKrom\u011b malov\u00e1n\u00ed a psan\u00ed byl jeho nejv\u011bt\u0161\u00edm kon\u00ed\u010dkem zdrav\u00fd \u017eivotn\u00ed styl. Od d\u011btstv\u00ed byl abstinent a nekou\u0159il. Nep\u00edjel tak\u00e9 k\u00e1vu. Od roku 1851 se zaj\u00edmal o vodol\u00e9\u010dbu a pozd\u011bji se stal vegetari\u00e1nem. Jako penzista p\u0159edn\u00e1\u0161el na toto t\u00e9ma a v roce 1893 zalo\u017eil \u201e\u010cesk\u00fd Kneipp\u201c, spolek pro zdrav\u00fd \u017eivotn\u00ed styl.","link":"https:\/\/collection.galerie-gerdes.com\/cs\/c\/umelci\/salomon-emanuel-mirohorsky-cs\/","name":"Salomon Emanuel MIROHORSKY","slug":"salomon-emanuel-mirohorsky-cs","taxonomy":"product_cat","parent":1853,"meta":[],"_links":{"self":[{"href":"https:\/\/collection.galerie-gerdes.com\/cs\/wp-json\/wp\/v2\/product_cat\/4498","targetHints":{"allow":["GET"]}}],"collection":[{"href":"https:\/\/collection.galerie-gerdes.com\/cs\/wp-json\/wp\/v2\/product_cat"}],"about":[{"href":"https:\/\/collection.galerie-gerdes.com\/cs\/wp-json\/wp\/v2\/taxonomies\/product_cat"}],"up":[{"embeddable":true,"href":"https:\/\/collection.galerie-gerdes.com\/cs\/wp-json\/wp\/v2\/product_cat\/1853"}],"wp:post_type":[{"href":"https:\/\/collection.galerie-gerdes.com\/cs\/wp-json\/wp\/v2\/product?product_cat=4498"}],"curies":[{"name":"wp","href":"https:\/\/api.w.org\/{rel}","templated":true}]}}