{"id":4817,"count":0,"description":"Curd Lessig, narozen\u00fd 22. listopadu 1924 ve Stuttgartu a zem\u0159el\u00fd 23. kv\u011btna 2019, byl v\u0161estrann\u00fd um\u011blec, kter\u00fd se proslavil p\u0159edev\u0161\u00edm jako mal\u00ed\u0159, grafik a n\u00e1vrh\u00e1\u0159 kosteln\u00edch oken a \u017eil ve W\u00fcrzburgu.\n\nSvou um\u011bleckou kari\u00e9ru zah\u00e1jil studiem malby u Heinera Dikreitera v letech 1939 a\u017e 1940, pot\u00e9 se v letech 1940 a\u017e 1942 vyu\u010dil mal\u00ed\u0159em kostel\u016f u firmy Menna ve W\u00fcrzburgu. U Dikreitera tak\u00e9 nav\u0161t\u011bvoval ve\u010dern\u00ed kurzy. Vojenskou slu\u017ebu p\u0159eru\u0161il od roku 1942 do srpna 1944, kdy se dostal do americk\u00e9ho zajet\u00ed. Po propu\u0161t\u011bn\u00ed v roce 1946 pokra\u010doval ve sv\u00e9 um\u011bleck\u00e9 kari\u00e9\u0159e.\n\nV roce 1947 byl Lessig zakl\u00e1daj\u00edc\u00edm \u010dlenem Berufsverband bildender K\u00fcnstler (BBK) Ober- und Unterfranken v Bamberku. V letech 1948-1959 studoval malbu na Akademii v\u00fdtvarn\u00fdch um\u011bn\u00ed v Mnichov\u011b u Walthera Teutsche. V n\u00e1sleduj\u00edc\u00edch letech pracoval jako mal\u00ed\u0159 a restaur\u00e1tor kostel\u016f pro firmu Menna v mnoha kostelech ve Franc\u00edch, Hesensku a Vestf\u00e1lsku.\n\nOd b\u0159ezna 1957 vedl Lessig vlastn\u00ed ateli\u00e9r a intenzivn\u011b se v\u011bnoval tvorb\u011b vitr\u00e1\u017e\u00ed, malb\u011b, grafice a krajin\u00e1\u0159sk\u00fdm kva\u0161\u016fm. Z\u00edsk\u00e1val ve\u0159ejn\u00e9 zak\u00e1zky a sout\u011b\u017ee, zejm\u00e9na na mozaiky, n\u00e1st\u011bnn\u00e9 malby, fresky a vitr\u00e1\u017ee. Jeho katalog raisonn\u00e9 uv\u00e1d\u00ed v\u00edce ne\u017e 400 p\u0159\u00edklad\u016f, od vojensk\u00fdch kas\u00e1ren po kostely.\n\nLessig hodn\u011b cestoval po Evrop\u011b, ale tak\u00e9 po Egypt\u011b, Mexiku, Indii, Barm\u011b, Thajsku, \u010c\u00edn\u011b a Japonsku, kde \u010derpal inspiraci.\n\nZ\u00edskal \u0159adu cen a ocen\u011bn\u00ed, mimo jin\u00e9 v roce 1982 Zlat\u00e9 centauro v It\u00e1lii. V roce 1991 mu byla ud\u011blena Kulturn\u00ed cena m\u011bsta W\u00fcrzburg, v roce 2004 n\u00e1sledovala Kulturn\u00ed cena Franck\u00e9ho vina\u0159sk\u00e9ho bratrstva a v roce 2009 Kulturn\u00ed cena okresu Doln\u00ed Franky.\n\nJeho d\u00edla byla prezentov\u00e1na na r\u016fzn\u00fdch v\u00fdstav\u00e1ch, mimo jin\u00e9 v galeri\u00edch a muze\u00edch, jako jsou St\u00e4dtische Galerie ve W\u00fcrzburgu, Otto-Richter-Kunsthalle ve W\u00fcrzburgu a Knauf-Museum v Iphofenu. Lessig\u016fv um\u011bleck\u00fd odkaz je dodnes p\u011bstov\u00e1n a uct\u00edv\u00e1n na r\u016fzn\u00fdch v\u00fdstavn\u00edch m\u00edstech.","link":"https:\/\/collection.galerie-gerdes.com\/cs\/c\/umelci\/curd-lessig-artist-cs\/","name":"Curd LESSIG","slug":"curd-lessig-artist-cs","taxonomy":"product_cat","parent":1853,"meta":[],"_links":{"self":[{"href":"https:\/\/collection.galerie-gerdes.com\/cs\/wp-json\/wp\/v2\/product_cat\/4817","targetHints":{"allow":["GET"]}}],"collection":[{"href":"https:\/\/collection.galerie-gerdes.com\/cs\/wp-json\/wp\/v2\/product_cat"}],"about":[{"href":"https:\/\/collection.galerie-gerdes.com\/cs\/wp-json\/wp\/v2\/taxonomies\/product_cat"}],"up":[{"embeddable":true,"href":"https:\/\/collection.galerie-gerdes.com\/cs\/wp-json\/wp\/v2\/product_cat\/1853"}],"wp:post_type":[{"href":"https:\/\/collection.galerie-gerdes.com\/cs\/wp-json\/wp\/v2\/product?product_cat=4817"}],"curies":[{"name":"wp","href":"https:\/\/api.w.org\/{rel}","templated":true}]}}