{"id":5107,"count":0,"description":"Eugen Kucher nebyl oby\u010dejn\u00fd \u0161t\u011btec, byl to lovec du\u0161\u00ed, kter\u00fd zachytil okouzluj\u00edc\u00ed krajinu sv\u00e9 vlasti barvami a p\u0159enesl ji na pl\u00e1tno.\n\nNarodil se 12. srpna 1889 v Enzweihingenu, idylick\u00e9m m\u00edst\u011b nedaleko Vaihingenu\/Enzu, a jeho talent byl rozpozn\u00e1n brzy. Vliv jeho otce, mistra \u0161tukat\u00e9ra, a podpora jeho bratra Wilhelma, uzn\u00e1van\u00e9ho mistra mal\u00ed\u0159e, mu vydl\u00e1\u017edily cestu k um\u011bleck\u00e9 kari\u00e9\u0159e.\n\nPo ukon\u010den\u00ed \u0161koln\u00ed doch\u00e1zky ho cesta zavedla do sv\u011bta barev a tah\u016f \u0161t\u011btcem jako u\u010dedn\u00edka sv\u00e9ho o dvan\u00e1ct let star\u0161\u00edho bratra. Osud mu v\u0161ak p\u0159ichystal v\u011bt\u0161\u00ed v\u011bci. V listopadu 1910 na\u0161el Kucher sv\u016fj osud jako jevi\u0161tn\u00ed mal\u00ed\u0159 v Kr\u00e1lovsk\u00e9m dvorn\u00edm divadle ve Stuttgartu. Tam rozv\u00edjel sv\u016fj talent a vytv\u00e1\u0159el kulisy, kter\u00e9 podn\u011bcovaly fantazii div\u00e1k\u016f.\n\nI po v\u0159av\u011b prvn\u00ed sv\u011btov\u00e9 v\u00e1lky z\u016fstal Kucher v\u011brn\u00fd sv\u00e9mu \u0159emeslu a vr\u00e1til se do Stuttgartu, kde na\u0161el domov u sv\u00e9 milovan\u00e9 Mathildy a jej\u00ed rodiny na L\u00f6wenstra\u00dfe 83. V roce 1928 se stal \u010dlenem divadeln\u00edho spolku, kter\u00fd se zab\u00fdval v\u00fdtvarn\u00fdm um\u011bn\u00edm. Sv\u016fj um\u011bleck\u00fd talent nenechal odpo\u010d\u00edvat a obyvatel\u016fm Degerlochu poskytoval krajinomalby, kter\u00e9 zachycovaly kr\u00e1su p\u0159\u00edrody v jej\u00ed nej\u010dist\u0161\u00ed podob\u011b.\n\nOsud se v\u0161ak m\u011bl zvrtnout smutn\u00fdm sm\u011brem. Dne 12. dubna 1945 se Kucher b\u011bhem v\u00fdletu do Aalenu stal ob\u011bt\u00ed ni\u010div\u00e9ho spojeneck\u00e9ho n\u00e1letu v mal\u00e9 v\u00fd\u0161ce. Jeho \u017eivot skon\u010dil p\u0159\u00edli\u0161 brzy, ale jeho odkaz \u017eije d\u00e1l v srdc\u00edch t\u011bch, kte\u0159\u00ed obdivuj\u00ed jeho um\u011bn\u00ed.\n\nVe zlat\u00fdch letech 20. a 30. let 20. stolet\u00ed nach\u00e1zel Kucher \u010dasto \u00fato\u010di\u0161t\u011b a inspiraci u rodiny Emila Hammy v Obermusbachu. St\u00e1l na malebn\u00fdch svaz\u00edch se \u0161t\u011btcem v ruce a zv\u011b\u010d\u0148oval kr\u00e1su Obermusbachu na pl\u00e1tn\u011b na v\u011b\u010dn\u00e9 \u010dasy.","link":"https:\/\/collection.galerie-gerdes.com\/cs\/c\/umelci\/eugen-kucher-cs\/","name":"Eugen Kucher","slug":"eugen-kucher-cs","taxonomy":"product_cat","parent":1853,"meta":[],"_links":{"self":[{"href":"https:\/\/collection.galerie-gerdes.com\/cs\/wp-json\/wp\/v2\/product_cat\/5107","targetHints":{"allow":["GET"]}}],"collection":[{"href":"https:\/\/collection.galerie-gerdes.com\/cs\/wp-json\/wp\/v2\/product_cat"}],"about":[{"href":"https:\/\/collection.galerie-gerdes.com\/cs\/wp-json\/wp\/v2\/taxonomies\/product_cat"}],"up":[{"embeddable":true,"href":"https:\/\/collection.galerie-gerdes.com\/cs\/wp-json\/wp\/v2\/product_cat\/1853"}],"wp:post_type":[{"href":"https:\/\/collection.galerie-gerdes.com\/cs\/wp-json\/wp\/v2\/product?product_cat=5107"}],"curies":[{"name":"wp","href":"https:\/\/api.w.org\/{rel}","templated":true}]}}