{"id":5816,"count":0,"description":"Charles Bratt (XIX-XX) je dnes pom\u011brn\u011b nezn\u00e1m\u00fd mal\u00ed\u0159, kter\u00fd p\u016fsobil ve druh\u00e9 polovin\u011b 19. stolet\u00ed a v prvn\u00ed polovin\u011b 20. stolet\u00ed.","link":"https:\/\/collection.galerie-gerdes.com\/cs\/c\/umelci\/charles-bratt-cs\/","name":"Charles Bratt","slug":"charles-bratt-cs","taxonomy":"product_cat","parent":1853,"meta":[],"_links":{"self":[{"href":"https:\/\/collection.galerie-gerdes.com\/cs\/wp-json\/wp\/v2\/product_cat\/5816","targetHints":{"allow":["GET"]}}],"collection":[{"href":"https:\/\/collection.galerie-gerdes.com\/cs\/wp-json\/wp\/v2\/product_cat"}],"about":[{"href":"https:\/\/collection.galerie-gerdes.com\/cs\/wp-json\/wp\/v2\/taxonomies\/product_cat"}],"up":[{"embeddable":true,"href":"https:\/\/collection.galerie-gerdes.com\/cs\/wp-json\/wp\/v2\/product_cat\/1853"}],"wp:post_type":[{"href":"https:\/\/collection.galerie-gerdes.com\/cs\/wp-json\/wp\/v2\/product?product_cat=5816"}],"curies":[{"name":"wp","href":"https:\/\/api.w.org\/{rel}","templated":true}]}}