{"id":6713,"count":0,"description":"Hans von Aachen (1552 - 4. b\u0159ezna 1615), zn\u00e1m\u00fd tak\u00e9 jako Johann von Aachen nebo Jan van Achen, byl proslul\u00fd n\u011bmeck\u00fd mal\u00ed\u0159 s mezin\u00e1rodn\u00ed kari\u00e9rou \u00fasp\u011b\u0161n\u00e9ho potuln\u00e9ho a dvorn\u00edho mal\u00ed\u0159e.\n\nHans von Aachen se narodil 1. listopadu 1913 v Kol\u00edn\u011b nad R\u00fdnem a brzy se st\u011bhoval do r\u016fzn\u00fdch oblast\u00ed, mimo jin\u00e9 do It\u00e1lie, Bavorska a nakonec do Prahy, kde str\u00e1vil v\u011bt\u0161inu sv\u00e9ho \u017eivota a tvorby. Jeho reperto\u00e1r zahrnoval \u0161irokou \u0161k\u00e1lu d\u011bl, v\u010detn\u011b \u010detn\u00fdch portr\u00e9t\u016f a alegorick\u00fdch, mytologick\u00fdch a n\u00e1bo\u017eensk\u00fdch obraz\u016f, dopln\u011bn\u00fdch mno\u017estv\u00edm rytin a kreseb.\n\nPodle z\u00e1znam\u016f mal\u00ed\u0159e a spisovatele Karla van Mandera projevoval Hans von Aachen ji\u017e od \u00fatl\u00e9ho v\u011bku mimo\u0159\u00e1dn\u00fd kresl\u00ed\u0159sk\u00fd talent. Jeho \u0161kolen\u00ed za\u010dalo v jeho rodn\u00e9m Kol\u00edn\u011b nad R\u00fdnem u nezn\u00e1m\u00e9ho mal\u00ed\u0159e z Antverp, kde se sezn\u00e1mil s tradicemi vl\u00e1msk\u00e9 malby.\n\nJi\u017e v roce 1574 ode\u0161el von Aachen z rodn\u00e9ho m\u011bsta do It\u00e1lie. Tam si zpo\u010d\u00e1tku na\u0161el zam\u011bstn\u00e1n\u00ed v Ben\u00e1tk\u00e1ch a stal se sou\u010d\u00e1st\u00ed komunity severoevropsk\u00fdch um\u011blc\u016f a obchodn\u00edk\u016f. Pozd\u011bji se p\u0159est\u011bhoval do \u0158\u00edma, kde se zdokonaloval ve sv\u00fdch um\u011bleck\u00fdch dovednostech a rozv\u00edjel sv\u016fj vlastn\u00ed styl, p\u0159i\u010dem\u017e se st\u00fdkal s dal\u0161\u00edmi um\u011blci, jako byli Bartholomew Spranger a Hans Speckaert. P\u0159esto\u017ee se mnoho jeho d\u011bl z tohoto obdob\u00ed ztratilo, dochovan\u00e9 kresby jsou sv\u011bdectv\u00edm o jeho tvorb\u011b.\n\nV It\u00e1lii von Aachen nav\u00e1zal \u0161irokou s\u00ed\u0165 kontakt\u016f s dal\u0161\u00edmi um\u011blci, obchodn\u00edky a z\u00e1kazn\u00edky. Jeho pov\u011bst rostla a z\u00edsk\u00e1val v\u00fdznamn\u00e9 zak\u00e1zky, v\u010detn\u011b anga\u017em\u00e1 na dvo\u0159e tosk\u00e1nsk\u00e9ho velkov\u00e9vody Francesca I. de' Medici v roce 1585. Toto obdob\u00ed formovalo jeho um\u011bleck\u00fd styl, v n\u011bm\u017e se m\u00edsily vlivy severn\u00ed a ji\u017en\u00ed Evropy.\n\nKolem roku 1588 se Hans vr\u00e1til z C\u00e1ch do N\u011bmecka a usadil se v Mnichov\u011b, kde pracoval pro rodinu v\u00e9vody Vil\u00e9ma V. Bavorsk\u00e9ho. Pozd\u011bji se p\u0159est\u011bhoval do Prahy, kde ho c\u00edsa\u0159 Rudolf II. v roce 1592 jmenoval komorn\u00edm mal\u00ed\u0159em. Toto jmenov\u00e1n\u00ed p\u0159ineslo von Aachenovi nejen um\u011bleck\u00e9 uzn\u00e1n\u00ed, ale tak\u00e9 spole\u010densk\u00fd vzestup.\n\nV Praze dos\u00e1hl Hans von Aachen vrcholu sv\u00e9 kari\u00e9ry. Vytvo\u0159il velk\u00e9 mno\u017estv\u00ed d\u011bl, v\u010detn\u011b portr\u00e9t\u016f, n\u00e1bo\u017eensk\u00fdch obraz\u016f a alegorick\u00fdch a mytologick\u00fdch n\u00e1m\u011bt\u016f, kter\u00e9 byly ur\u010deny p\u0159edev\u0161\u00edm pro c\u00edsa\u0159sk\u00e9 sb\u00edrky. Jeho d\u00edla se vyzna\u010dovala bohat\u00fdmi detaily a pastelov\u00fdmi barvami a byla malov\u00e1na na r\u016fzn\u00e9 materi\u00e1ly, jako je d\u0159evo, pl\u00e1tno, m\u011b\u010f, alabastr a mramor.\n\nPo smrti c\u00edsa\u0159e Rudolfa II. v roce 1612 pokra\u010doval von Aachen ve sv\u00e9 pr\u00e1ci na dvo\u0159e jeho bratra a n\u00e1stupce Maty\u00e1\u0161e. Zem\u0159el v Praze 4. b\u0159ezna 1615 a zanechal po sob\u011b v\u00fdznamn\u00fd um\u011bleck\u00fd odkaz.\n\nD\u00edlo Hanse von Aachena bylo v 19. stolet\u00ed \u010dasto zpochyb\u0148ov\u00e1no a p\u0159ipisov\u00e1no jin\u00fdm um\u011blc\u016fm. Teprve v posledn\u00ed dob\u011b se jeho d\u00edlu dostalo zaslou\u017een\u00e9ho uzn\u00e1n\u00ed, a to zejm\u00e9na d\u00edky v\u00fdstav\u00e1m \u201ePraha kolem roku 1600 - Um\u011bn\u00ed na dvo\u0159e Rudolfa II.\u201c a \u201eRudolf II. a Praha - Dv\u016fr a m\u011bsto\u201c, kter\u00e9 p\u0159edstavily jeho tvorbu v kontextu Rudolfovy dvorsk\u00e9 kultury.\n\nV letech 2010\/11 byla uspo\u0159\u00e1d\u00e1na prvn\u00ed ucelen\u00e1 v\u00fdstava kompletn\u00edho d\u00edla Hanse von Aachena v Evrop\u011b, kter\u00e1 p\u0159inesla nov\u00fd pohled na jeho tvorbu.","link":"https:\/\/collection.galerie-gerdes.com\/cs\/c\/umelci\/hans-von-aachen-cs\/","name":"Hans von Aachen","slug":"hans-von-aachen-cs","taxonomy":"product_cat","parent":1853,"meta":[],"_links":{"self":[{"href":"https:\/\/collection.galerie-gerdes.com\/cs\/wp-json\/wp\/v2\/product_cat\/6713","targetHints":{"allow":["GET"]}}],"collection":[{"href":"https:\/\/collection.galerie-gerdes.com\/cs\/wp-json\/wp\/v2\/product_cat"}],"about":[{"href":"https:\/\/collection.galerie-gerdes.com\/cs\/wp-json\/wp\/v2\/taxonomies\/product_cat"}],"up":[{"embeddable":true,"href":"https:\/\/collection.galerie-gerdes.com\/cs\/wp-json\/wp\/v2\/product_cat\/1853"}],"wp:post_type":[{"href":"https:\/\/collection.galerie-gerdes.com\/cs\/wp-json\/wp\/v2\/product?product_cat=6713"}],"curies":[{"name":"wp","href":"https:\/\/api.w.org\/{rel}","templated":true}]}}