{"id":8330,"count":0,"description":"Wilhelm Thelen (1917-1985) byl uzn\u00e1van\u00fd n\u011bmeck\u00fd mal\u00ed\u0159 zn\u00e1m\u00fd sv\u00fdmi p\u016fsobiv\u00fdmi krajinomalbami a figur\u00e1ln\u00edmi obrazy. Thelen se narodil v Oberhausenu a zem\u0159el v D\u00fcsseldorfu, zanechal po sob\u011b v\u00fdznamn\u00fd um\u011bleck\u00fd odkaz.\n\nThelen z\u00edskal sv\u00e9 um\u011bleck\u00e9 znalosti a dovednosti studiem na Akademii um\u011bn\u00ed v D\u00fcsseldorfu (AK D\u00fcsseldorf), kde d\u00e1le rozv\u00edjel sv\u016fj talent pod veden\u00edm renomovan\u00fdch u\u010ditel\u016f, jako byli Schmurr a Heuser. Sv\u00e9 dovednosti prohluboval tak\u00e9 na soukrom\u00fdch lekc\u00edch u renomovan\u00e9ho mal\u00ed\u0159e Jo Strahna.\n\nJeho um\u011bleck\u00e1 tvorba se vyzna\u010dovala mistrovsk\u00fdm zobrazov\u00e1n\u00edm krajin a figur. Jeho d\u00edla odr\u00e1\u017eela mimo\u0159\u00e1dn\u00fd cit pro barvy a formy a vyjad\u0159ovala hlubok\u00fd vztah k p\u0159\u00edrod\u011b a lidsk\u00e9 existenci.\n\nKrom\u011b vlastn\u00edho malov\u00e1n\u00ed se Wilhelm Thelen v\u011bnoval tak\u00e9 podpo\u0159e za\u010d\u00ednaj\u00edc\u00edch um\u011blc\u016f. V D\u00fcsseldorfu zalo\u017eil vlastn\u00ed mal\u00ed\u0159skou \u0161kolu, kde p\u0159ed\u00e1val sv\u00e9 znalosti a zku\u0161enosti, a v\u00fdznamn\u011b tak p\u0159isp\u011bl k rozvoji um\u011bleck\u00e9 sc\u00e9ny sv\u00e9 doby.","link":"https:\/\/collection.galerie-gerdes.com\/cs\/c\/umelci\/wilhelm-thelen-cs\/","name":"Wilhelm Thelen","slug":"wilhelm-thelen-cs","taxonomy":"product_cat","parent":1853,"meta":[],"_links":{"self":[{"href":"https:\/\/collection.galerie-gerdes.com\/cs\/wp-json\/wp\/v2\/product_cat\/8330","targetHints":{"allow":["GET"]}}],"collection":[{"href":"https:\/\/collection.galerie-gerdes.com\/cs\/wp-json\/wp\/v2\/product_cat"}],"about":[{"href":"https:\/\/collection.galerie-gerdes.com\/cs\/wp-json\/wp\/v2\/taxonomies\/product_cat"}],"up":[{"embeddable":true,"href":"https:\/\/collection.galerie-gerdes.com\/cs\/wp-json\/wp\/v2\/product_cat\/1853"}],"wp:post_type":[{"href":"https:\/\/collection.galerie-gerdes.com\/cs\/wp-json\/wp\/v2\/product?product_cat=8330"}],"curies":[{"name":"wp","href":"https:\/\/api.w.org\/{rel}","templated":true}]}}