{"id":8385,"count":0,"description":"Wilhelm Klein (1821-1897) byl n\u011bmeck\u00fd mal\u00ed\u0159. Narodil se v D\u00fcsseldorfu, studoval na d\u00fcsseldorfsk\u00e9 akademii a byl \u017e\u00e1kem Wilhelma Schadowa. Wilhelm Klein procestoval N\u011bmecko, Tyrolsko, Belgii, Nizozemsko, severn\u00ed It\u00e1lii a \u0160v\u00fdcarsko. Jednou z um\u011bleck\u00fdch v\u00fdstav, o kter\u00e9 se Klein zaslou\u017eil, byla v\u00fdstava berl\u00ednsk\u00e9 akademie v roce 1838. Byl spoluzakladatelem a \u010dlenem d\u00fcsseldorfsk\u00e9ho um\u011bleck\u00e9ho spolku. Je zn\u00e1m\u00fd sv\u00fdmi krajinami a portr\u00e9ty.","link":"https:\/\/collection.galerie-gerdes.com\/cs\/c\/umelci\/wilhelm-klein-cs\/","name":"Wilhelm Klein","slug":"wilhelm-klein-cs","taxonomy":"product_cat","parent":1853,"meta":[],"_links":{"self":[{"href":"https:\/\/collection.galerie-gerdes.com\/cs\/wp-json\/wp\/v2\/product_cat\/8385","targetHints":{"allow":["GET"]}}],"collection":[{"href":"https:\/\/collection.galerie-gerdes.com\/cs\/wp-json\/wp\/v2\/product_cat"}],"about":[{"href":"https:\/\/collection.galerie-gerdes.com\/cs\/wp-json\/wp\/v2\/taxonomies\/product_cat"}],"up":[{"embeddable":true,"href":"https:\/\/collection.galerie-gerdes.com\/cs\/wp-json\/wp\/v2\/product_cat\/1853"}],"wp:post_type":[{"href":"https:\/\/collection.galerie-gerdes.com\/cs\/wp-json\/wp\/v2\/product?product_cat=8385"}],"curies":[{"name":"wp","href":"https:\/\/api.w.org\/{rel}","templated":true}]}}