{"id":9166,"count":0,"description":"Paul Hildenbrand (1904-1971) byl n\u011bmeck\u00fd mal\u00ed\u0159, jeho\u017e tvorba zahrnovala celou \u0159adu styl\u016f a technik.\n\nHildenbrand zah\u00e1jil sv\u00e9 um\u011bleck\u00e9 \u00fasil\u00ed studiem u renomovan\u00fdch um\u011blc\u016f, jako byli Otto Pankok, Hermann Gradl a Heinrich von Z\u00fcgel. Po cel\u00fd \u017eivot z\u016fstal v\u011brn\u00fd tv\u016fr\u010d\u00edmu procesu a od roku 1929 a\u017e do sv\u00e9 smrti v roce 1971 nach\u00e1zel sv\u00e9 um\u011bleck\u00e9 \u00fato\u010di\u0161t\u011b v Reichenbachu an der Fils.\n\nHildenbrand, zn\u00e1m\u00fd jako \u201emal\u00ed\u0159 \u0160v\u00e1bsk\u00e9 Alby\u201c, proslul zejm\u00e9na sv\u00fdmi naturalistick\u00fdmi olejomalbami a akvarely. Jeho um\u011bleck\u00e1 zv\u00eddavost v\u0161ak neznala mez\u00ed a vytv\u00e1\u0159el tak\u00e9 abstraktn\u00ed grafiky, vitr\u00e1\u017ee a fresky.\n\nV jeho d\u00edlech se odr\u00e1\u017eela rozmanitost n\u00e1m\u011bt\u016f - od krajin po zv\u00ed\u0159ata a z\u00e1ti\u0161\u00ed. Jeho olejomalby krajin sv\u011bd\u010d\u00ed o siln\u00e9m vlivu impresionismu, zat\u00edmco v 60. letech se p\u0159\u00edle\u017eitostn\u011b obracel k expresionistick\u00e9mu a surrealistick\u00e9mu stylu.\n\nStudijn\u00ed cesty po Evrop\u011b a USA roz\u0161\u00ed\u0159ily jeho um\u011bleck\u00e9 obzory a zajistily mu mezin\u00e1rodn\u00ed uzn\u00e1n\u00ed. Jeho d\u00edla byla vystavena v renomovan\u00fdch galeri\u00edch a na v\u00fdstav\u00e1ch v N\u011bmecku, Monaku a USA.\n\nPaul Hildenbrand po sob\u011b zanechal nejen bohat\u00fd um\u011bleck\u00fd odkaz, ale byl tak\u00e9 posmrtn\u011b poct\u011bn p\u0159ejmenov\u00e1n\u00edm ulice Bismarckstrasse v Esslingen-Berkheimu na Hildenbrandstrasse. Jeho vliv na sv\u011bt um\u011bn\u00ed z\u016fst\u00e1v\u00e1 hmatateln\u00fd dodnes.","link":"https:\/\/collection.galerie-gerdes.com\/cs\/c\/umelci\/paul-hildenbrand-cs\/","name":"Paul Hildenbrand","slug":"paul-hildenbrand-cs","taxonomy":"product_cat","parent":1853,"meta":[],"_links":{"self":[{"href":"https:\/\/collection.galerie-gerdes.com\/cs\/wp-json\/wp\/v2\/product_cat\/9166","targetHints":{"allow":["GET"]}}],"collection":[{"href":"https:\/\/collection.galerie-gerdes.com\/cs\/wp-json\/wp\/v2\/product_cat"}],"about":[{"href":"https:\/\/collection.galerie-gerdes.com\/cs\/wp-json\/wp\/v2\/taxonomies\/product_cat"}],"up":[{"embeddable":true,"href":"https:\/\/collection.galerie-gerdes.com\/cs\/wp-json\/wp\/v2\/product_cat\/1853"}],"wp:post_type":[{"href":"https:\/\/collection.galerie-gerdes.com\/cs\/wp-json\/wp\/v2\/product?product_cat=9166"}],"curies":[{"name":"wp","href":"https:\/\/api.w.org\/{rel}","templated":true}]}}