{"id":9538,"count":0,"description":"Louis Toncini, narozen\u00fd 30. listopadu 1907 v Marseille a zem\u0159el\u00fd 27. prosince 2002, byl francouzsk\u00fd mal\u00ed\u0159.\n\nLouis Toncini byl studentem \u00c9cole des beaux-arts v Marseille, kde studoval nejprve socha\u0159stv\u00ed a pot\u00e9 mal\u00ed\u0159stv\u00ed. V roce 1928 vystavoval v galerii a um\u011bleck\u00e9m knihkupectv\u00ed Guibert na Cours Pierre-Puget v Marseille. Kr\u00e1tce pot\u00e9 se zapojil do hnut\u00ed mlad\u00fdch mal\u00ed\u0159\u016f v Marseille a v roce 1931 spolu s Leonem Cadenelem, Antoinem Serrou, Jeanem Tognettim a Fran\u00e7oisem Dianou zalo\u017eil skupinu prolet\u00e1\u0159sk\u00fdch mal\u00ed\u0159\u016f, kter\u00e1 byla pozd\u011bji zn\u00e1m\u00e1 jako Lidov\u00ed mal\u00ed\u0159i. Maloval sv\u011bt pr\u00e1ce a zab\u00fdval se m\u011bstskou tematikou: Tov\u00e1rny, n\u00e1dra\u017e\u00ed, p\u0159\u00edstavy atd.\n\nP\u016fsobil tak\u00e9 jako dekorativn\u00ed mal\u00ed\u0159, pro kter\u00fd si ho objedn\u00e1vali \u010detn\u00ed architekti. V roce 1936 se pod\u00edlel (tak\u00e9 s Antoinem Serrou, Fran\u00e7oisem Dianou a Leonem Cadenelem) na vzniku prvn\u00edho kulturn\u00edho domu v provincii, kter\u00fd podporovali Louis Aragon, Andr\u00e9 Malraux a Jean Giono.\n\nPo osvobozen\u00ed p\u0159ev\u00e1\u017eil jeho optimistick\u00fd charakter: maloval z\u00e1ti\u0161\u00ed, kytice kv\u011btin a krajiny. Stal se jednou z nejv\u00fdznamn\u011bj\u0161\u00edch osobnost\u00ed mezi mal\u00ed\u0159i P\u00e9anu. Po zakoupen\u00ed domu v Hautes-Alpes maloval tak\u00e9 b\u0159ehy \u0159eky Durance, hory, vesnice atd.","link":"https:\/\/collection.galerie-gerdes.com\/cs\/c\/umelci\/louis-toncini-cs\/","name":"Louis Toncini","slug":"louis-toncini-cs","taxonomy":"product_cat","parent":1853,"meta":[],"_links":{"self":[{"href":"https:\/\/collection.galerie-gerdes.com\/cs\/wp-json\/wp\/v2\/product_cat\/9538","targetHints":{"allow":["GET"]}}],"collection":[{"href":"https:\/\/collection.galerie-gerdes.com\/cs\/wp-json\/wp\/v2\/product_cat"}],"about":[{"href":"https:\/\/collection.galerie-gerdes.com\/cs\/wp-json\/wp\/v2\/taxonomies\/product_cat"}],"up":[{"embeddable":true,"href":"https:\/\/collection.galerie-gerdes.com\/cs\/wp-json\/wp\/v2\/product_cat\/1853"}],"wp:post_type":[{"href":"https:\/\/collection.galerie-gerdes.com\/cs\/wp-json\/wp\/v2\/product?product_cat=9538"}],"curies":[{"name":"wp","href":"https:\/\/api.w.org\/{rel}","templated":true}]}}