{"id":9781,"count":0,"description":"Josef Anton Engelhart se narodil 19. srpna 1864 ve V\u00eddni a zem\u0159el 19. prosince 1941 tamt\u00e9\u017e. Byl rakousk\u00fdm mal\u00ed\u0159em a socha\u0159em a hr\u00e1l d\u016fle\u017eitou roli na v\u00edde\u0148sk\u00e9 um\u011bleck\u00e9 sc\u00e9n\u011b kolem roku 1900. Byl tak\u00e9 jedn\u00edm ze spoluzakladatel\u016f V\u00edde\u0148sk\u00e9 secese.\n\nJosef Engelhart poch\u00e1zel z um\u011bleck\u00e9 rodiny. Jeho rodi\u010di byli \u0159ezn\u00edk Josef Anton Engelhart (1838-1900) a Maria Apfelthaler (1842-1933). Vyr\u016fstal v Erdbergu a nejprve nav\u0161t\u011bvoval Oberrealschule v Radetzkystra\u00dfe, pot\u00e9 studoval na Akademii v\u00fdtvarn\u00fdch um\u011bn\u00ed ve V\u00eddni a pozd\u011bji na Akademii v\u00fdtvarn\u00fdch um\u011bn\u00ed v Mnichov\u011b. Tam ho u\u010dili renomovan\u00ed u\u010ditel\u00e9 jako Gabriel von Hackl, Johann Caspar Herterich a Ludwig L\u00f6fftz.\n\nPo n\u00e1vratu do V\u00eddn\u011b v roce 1887 se Engelhart stal \u010dlenem um\u011bleck\u00e9ho spolku Hagengesellschaft a \u010dlenem Genossenschaft bildender K\u00fcnstler Wiens. Jeho d\u00edla byla poprv\u00e9 vystavena ve V\u00eddni v roce 1888. Pozd\u011bji cestoval do Pa\u0159\u00ed\u017ee a \u0160pan\u011blska, ne\u017e se nakonec usadil ve V\u00eddni.\n\nEngelhart byl v\u00fdznamn\u00fdm p\u0159edstavitelem V\u00edde\u0148sk\u00e9 secese, hnut\u00ed, kter\u00e9 se odd\u011blilo od konzervativn\u00edch tendenc\u00ed v\u00edde\u0148sk\u00e9ho K\u00fcnstlerhausu. Dokonce se na \u010das stal p\u0159edsedou tohoto sdru\u017een\u00ed. Jeho intenzivn\u00ed cestovatelsk\u00e1 \u010dinnost a organiza\u010dn\u00ed schopnosti v\u00fdznamn\u011b p\u0159isp\u011bly k \u00fasp\u011bchu Secese.\n\nJako um\u011blec se Engelhart v\u011bnoval p\u0159edev\u0161\u00edm zobrazov\u00e1n\u00ed lid\u00ed ve sv\u00fdch d\u00edlech, a\u0165 u\u017e \u0161lo o akty, portr\u00e9ty nebo spole\u010densk\u00e9 sc\u00e9ny. Jeho malba byla ovlivn\u011bna francouzsk\u00fdm impresionismem, co\u017e je patrn\u00e9 zejm\u00e9na v jeho zach\u00e1zen\u00ed s barvami a sv\u011btlem.\n\nPo vypuknut\u00ed prvn\u00ed sv\u011btov\u00e9 v\u00e1lky se Engelhart aktivn\u011b zapojil do pomoci ran\u011bn\u00fdm a dobrovoln\u011b se p\u0159ihl\u00e1sil na frontu jako v\u00e1le\u010dn\u00fd mal\u00ed\u0159. Jeho d\u00edla z tohoto obdob\u00ed odr\u00e1\u017eej\u00ed utrpen\u00ed a b\u00eddu v\u00e1lky.\n\nNavzdory sv\u00e9 n\u011bkdej\u0161\u00ed sl\u00e1v\u011b byl Engelhart po sv\u00e9 smrti st\u00e1le v\u00edce zapom\u00edn\u00e1n. Teprve v posledn\u00edch letech bylo jeho d\u00edlo znovu objeveno a op\u011bt se mu dost\u00e1v\u00e1 v\u011bt\u0161\u00ed pozornosti. Jeho dcera Elisabeth byla provd\u00e1na za fyzika a vyn\u00e1lezce Roberta von Neumann-Ettenreicha, po roce 1919 zn\u00e1m\u00e9ho jako Robert Ettenreich.","link":"https:\/\/collection.galerie-gerdes.com\/cs\/c\/umelci\/josef-engelhart-cs\/","name":"Josef Engelhart","slug":"josef-engelhart-cs","taxonomy":"product_cat","parent":1853,"meta":[],"_links":{"self":[{"href":"https:\/\/collection.galerie-gerdes.com\/cs\/wp-json\/wp\/v2\/product_cat\/9781","targetHints":{"allow":["GET"]}}],"collection":[{"href":"https:\/\/collection.galerie-gerdes.com\/cs\/wp-json\/wp\/v2\/product_cat"}],"about":[{"href":"https:\/\/collection.galerie-gerdes.com\/cs\/wp-json\/wp\/v2\/taxonomies\/product_cat"}],"up":[{"embeddable":true,"href":"https:\/\/collection.galerie-gerdes.com\/cs\/wp-json\/wp\/v2\/product_cat\/1853"}],"wp:post_type":[{"href":"https:\/\/collection.galerie-gerdes.com\/cs\/wp-json\/wp\/v2\/product?product_cat=9781"}],"curies":[{"name":"wp","href":"https:\/\/api.w.org\/{rel}","templated":true}]}}