{"id":9860,"count":0,"description":"Josef Kinzel, narozen\u00fd 4. kv\u011btna 1852 v Lobensteinu v rakousk\u00e9m Slezsku a zem\u0159el\u00fd 4. srpna 1925 ve Spitz an der Donau, byl rakousk\u00fd mal\u00ed\u0159, kter\u00fd se v\u011bnoval krajinomalb\u011b a \u017e\u00e1nrov\u00e9 malb\u011b.\n\nUm\u011bleck\u00e9 vzd\u011bl\u00e1n\u00ed z\u00edskal na Akademii v\u00fdtvarn\u00fdch um\u011bn\u00ed ve V\u00eddni, kde studoval pod veden\u00edm Eduarda von Engertha, Karla von Blaase, Carla Wurzingera a Augusta Eisenmengera. Od 25. \u0159\u00edjna 1879 pokra\u010doval ve studiu na Kr\u00e1lovsk\u00e9 akademii v\u00fdtvarn\u00fdch um\u011bn\u00ed v Mnichov\u011b pod veden\u00edm Aloise Gabla a Otto Seitze.\n\nV roce 1883 byl jmenov\u00e1n \u010dlenem v\u00edde\u0148sk\u00e9ho K\u00fcnstlerhausu. Od roku 1900 za\u010dal zkoumat dolnorakouskou oblast Wachau, nejprve v Jochingu, pozd\u011bji od roku 1905 ve Wei\u00dfenkirchenu a nakonec od roku 1919 ve Spitz an der Donau.\n\nKinzel se soust\u0159edil p\u0159edev\u0161\u00edm na \u017e\u00e1nrovou malbu, i kdy\u017e vytv\u00e1\u0159el tak\u00e9 krajinomalby. Jeho d\u00edla byla hojn\u011b publikov\u00e1na ve form\u011b d\u0159evoryt\u016f.\n\nJeho um\u011bleck\u00e9 \u00fasp\u011bchy byly ocen\u011bny ud\u011blen\u00edm mal\u00e9 Zlat\u00e9 st\u00e1tn\u00ed medaile v roce 1903 a v roce 1910 obdr\u017eel presti\u017en\u00ed Drascheho cenu.\n\nNelze opomenout ani jeho dceru Elisabeth Hermine (Liesl) Kinzel, kter\u00e1 se narodila 18. kv\u011btna 1886 ve V\u00eddni a zem\u0159ela 19. \u010dervence 1961 ve Spitz an der Donau. \u0160la v otcov\u00fdch stop\u00e1ch a stala se rovn\u011b\u017e talentovanou mal\u00ed\u0159kou.","link":"https:\/\/collection.galerie-gerdes.com\/cs\/c\/umelci\/josef-kinzel-cs\/","name":"Josef Kinzel","slug":"josef-kinzel-cs","taxonomy":"product_cat","parent":1853,"meta":[],"_links":{"self":[{"href":"https:\/\/collection.galerie-gerdes.com\/cs\/wp-json\/wp\/v2\/product_cat\/9860","targetHints":{"allow":["GET"]}}],"collection":[{"href":"https:\/\/collection.galerie-gerdes.com\/cs\/wp-json\/wp\/v2\/product_cat"}],"about":[{"href":"https:\/\/collection.galerie-gerdes.com\/cs\/wp-json\/wp\/v2\/taxonomies\/product_cat"}],"up":[{"embeddable":true,"href":"https:\/\/collection.galerie-gerdes.com\/cs\/wp-json\/wp\/v2\/product_cat\/1853"}],"wp:post_type":[{"href":"https:\/\/collection.galerie-gerdes.com\/cs\/wp-json\/wp\/v2\/product?product_cat=9860"}],"curies":[{"name":"wp","href":"https:\/\/api.w.org\/{rel}","templated":true}]}}