{"id":9897,"count":0,"description":"Imre Reiner se narodil 18. srpna 1900 ve Versecu v Ma\u010farsk\u00e9m kr\u00e1lovstv\u00ed a zem\u0159el 22. srpna 1987 nedaleko Lugana ve \u0160v\u00fdcarsku. Byl vynikaj\u00edc\u00edm ma\u010farsko-\u0161v\u00fdcarsk\u00fdm mal\u00ed\u0159em, grafikem, kni\u017en\u00edm design\u00e9rem a v\u00fdznamn\u00fdm tv\u016frcem p\u00edsma.\n\nImre Reiner zah\u00e1jil sv\u00e9 um\u011bleck\u00e9 vzd\u011bl\u00e1n\u00ed na St\u00e1tn\u00ed socha\u0159sk\u00e9 \u0161kole v Zalatn\u011b a pokra\u010doval v n\u011bm na Um\u011bleckopr\u016fmyslov\u00e9 \u0161kole ve Frankfurtu nad Mohanem. Od roku 1921 studoval u Friedricha Hermanna Ernsta Schneidlera na Kunstgewerbeschule ve Stuttgartu. B\u011bhem studi\u00ed ve V\u00fdmaru se n\u011bkolikr\u00e1t zk\u0159\u00ed\u017eil s Paulem Kleem. Po ukon\u010den\u00ed studia pracoval v letech 1923-1927 jako grafik v r\u016fzn\u00fdch m\u011bstech, nap\u0159\u00edklad v Lond\u00fdn\u011b, New Yorku, Chicagu a Pa\u0159\u00ed\u017ei. Po n\u00e1vratu do Stuttgartu pokra\u010doval ve studiu, tentokr\u00e1t jako magistersk\u00fd student Friedricha Hermanna Ernsta Schneidlera.\n\nV roce 1930 se Imre Reiner usadil v Pa\u0159\u00ed\u017ei, ale ji\u017e o rok pozd\u011bji se p\u0159est\u011bhoval do Ruvigliany u Lugana ve \u0161v\u00fdcarsk\u00e9m Ticinu. Od t\u00e9 doby se v\u011bnoval sv\u00e9 pr\u00e1ci mal\u00ed\u0159e, grafika, typografa a ilustr\u00e1tora.","link":"https:\/\/collection.galerie-gerdes.com\/cs\/c\/umelci\/imre-reiner-cs\/","name":"Imre Reiner","slug":"imre-reiner-cs","taxonomy":"product_cat","parent":1853,"meta":[],"_links":{"self":[{"href":"https:\/\/collection.galerie-gerdes.com\/cs\/wp-json\/wp\/v2\/product_cat\/9897","targetHints":{"allow":["GET"]}}],"collection":[{"href":"https:\/\/collection.galerie-gerdes.com\/cs\/wp-json\/wp\/v2\/product_cat"}],"about":[{"href":"https:\/\/collection.galerie-gerdes.com\/cs\/wp-json\/wp\/v2\/taxonomies\/product_cat"}],"up":[{"embeddable":true,"href":"https:\/\/collection.galerie-gerdes.com\/cs\/wp-json\/wp\/v2\/product_cat\/1853"}],"wp:post_type":[{"href":"https:\/\/collection.galerie-gerdes.com\/cs\/wp-json\/wp\/v2\/product?product_cat=9897"}],"curies":[{"name":"wp","href":"https:\/\/api.w.org\/{rel}","templated":true}]}}