{"id":1638,"count":0,"description":"Ferdinand G\u00f6tz blev f\u00f8dt i F\u00fcrth i 1874 og d\u00f8de i Paris i 1941. Han var j\u00f8de og besk\u00e6ftigede sig professionelt med b\u00e5de arkitektur og kunstmaleri.\n\nI 1895 flyttede G\u00f6tz til M\u00fcnchen og begyndte sine studier p\u00e5 M\u00fcnchens Kunstakademi, hvor han bl.a. l\u00e6rte af den tysk-amerikanske kunstner, universitetsl\u00e6rer og senere rektor Carl von Marr. G\u00f6tz viste sig at v\u00e6re en ekstremt alsidig kunstner. Han skabte dekorationer, designerm\u00f8bler og scenografier til teatret. Fra 1900 arbejdede han som illustrator for det tyske magasin \u00bbJugend\u00ab, som gav navn til den senere \u00bbJugendstil\u00ab-bev\u00e6gelse.\n\nMellem 1899 og ca. 1928 var han fast illustrator for de satiriske blade \u00bbMeggendorfer Bl\u00e4tter\u00ab og \u00bbFliegende Bl\u00e4tter\u00ab, hvor han arbejdede som tegner og karikaturtegner. Han producerede omkring 80 tegninger til \u00bbFliegende Bl\u00e4tter\u00ab, is\u00e6r mellem 1930 og 1935.\n\nEt bem\u00e6rkelsesv\u00e6rdigt projekt var hans deltagelse i udvidelsen af det luksuri\u00f8se Grand Hotel Continental i M\u00fcnchen i 1910. Sammen med Ludwig Hohlwein var G\u00f6tz ansvarlig for tilf\u00f8jelsen af en fjerde etage og indretningen af den nye fjerde etage med 18 g\u00e6stev\u00e6relser.\n\nHans liv \u00e6ndrede sig dramatisk med nationalsocialismens fremmarch. Som j\u00f8de blev han n\u00e6gtet medlemskab af Reichskammer der Bildenden K\u00fcnste, hvilket tvang ham til at bo i udlandet fra 1936. Til sidst slog han sig ned i Paris, hvor han d\u00f8de i 1941, formentlig ved selvmord.","link":"https:\/\/collection.galerie-gerdes.com\/da\/c\/kunstnere\/ferdinand-gotz-da\/","name":"Ferdinand G\u00f6tz","slug":"ferdinand-gotz-da","taxonomy":"product_cat","parent":1855,"meta":[],"_links":{"self":[{"href":"https:\/\/collection.galerie-gerdes.com\/da\/wp-json\/wp\/v2\/product_cat\/1638","targetHints":{"allow":["GET"]}}],"collection":[{"href":"https:\/\/collection.galerie-gerdes.com\/da\/wp-json\/wp\/v2\/product_cat"}],"about":[{"href":"https:\/\/collection.galerie-gerdes.com\/da\/wp-json\/wp\/v2\/taxonomies\/product_cat"}],"up":[{"embeddable":true,"href":"https:\/\/collection.galerie-gerdes.com\/da\/wp-json\/wp\/v2\/product_cat\/1855"}],"wp:post_type":[{"href":"https:\/\/collection.galerie-gerdes.com\/da\/wp-json\/wp\/v2\/product?product_cat=1638"}],"curies":[{"name":"wp","href":"https:\/\/api.w.org\/{rel}","templated":true}]}}