{"id":8701,"count":0,"description":"Thomas Leitner, f\u00f8dt 7. marts 1876 i Altm\u00fcnster og d\u00f8d 29. juli 1948 i Wien, var en ber\u00f8mt \u00f8strigsk maler, hvis kunstneriske arbejde spillede en betydelig rolle i kunstverdenen.\n\nLeitner begyndte sin kunstneriske karriere i 1893 p\u00e5 Wien-akademiet, hvor han studerede under den ber\u00f8mte maler Franz Rumpler. Hans us\u00e6dvanlige talent og engagement blev anerkendt, da han fik Rom-prisen, som gav ham mulighed for at tage p\u00e5 studierejser til Italien og Dalmatien i 1905 og 1906. Disse rejser fik stor betydning for hans kunstneriske udvikling og inspirerede mange af hans v\u00e6rker.\nI 1908 blev Thomas Leitner medlem af Wiener K\u00fcnstlerhaus, en anerkendt kunstforening, hvor han regelm\u00e6ssigt udstillede sine v\u00e6rker og skabte sig et navn p\u00e5 kunstscenen. Under F\u00f8rste Verdenskrig ydede Leitner et vigtigt bidrag som krigsmaler. I 1916 arbejdede han i Ortler-regionen, efterfulgt af opgaver i det \u00f8stlige Galicien i 1917 og i Capodistria og det omkringliggende omr\u00e5de i 1918.\n\nI 1924 organiserede han en bem\u00e6rkelsesv\u00e6rdig kollektiv udstilling p\u00e5 det ber\u00f8mte Holbein-galleri i Wien, som p\u00e5 imponerende vis understregede hans talent og kunstneriske udvikling. Fra omkring 1911 valgte Thomas Leitner Waidhofen an der Thaya som sit adoptivhjem, hvor han fik \u00e6resborgerskab i januar 1943, en anerkendelse af hans fortjenester og hans kunstneriske arbejde.\n\nHans fremragende malerier \u00bbDonaulandschaft in der Wachau\u00ab og \u00bbBergfrieden\u00ab blev erhvervet af kejser Franz Josef, og kejser Karl v\u00e6rdsatte ogs\u00e5 et v\u00e6rk af Leitner. I dag findes Thomas Leitners v\u00e6rker i prestigefyldte samlinger, herunder Belvedere i Wien og Nieder\u00f6sterreichs statsmuseum i St. Hans kunstneriske arv lever s\u00e5ledes videre i vigtige kunstsamlinger og bidrager til \u00d8strigs kulturelle mangfoldighed og arv.","link":"https:\/\/collection.galerie-gerdes.com\/da\/c\/kunstnere\/thomas-leitner-da\/","name":"Thomas Leitner","slug":"thomas-leitner-da","taxonomy":"product_cat","parent":1855,"meta":[],"_links":{"self":[{"href":"https:\/\/collection.galerie-gerdes.com\/da\/wp-json\/wp\/v2\/product_cat\/8701","targetHints":{"allow":["GET"]}}],"collection":[{"href":"https:\/\/collection.galerie-gerdes.com\/da\/wp-json\/wp\/v2\/product_cat"}],"about":[{"href":"https:\/\/collection.galerie-gerdes.com\/da\/wp-json\/wp\/v2\/taxonomies\/product_cat"}],"up":[{"embeddable":true,"href":"https:\/\/collection.galerie-gerdes.com\/da\/wp-json\/wp\/v2\/product_cat\/1855"}],"wp:post_type":[{"href":"https:\/\/collection.galerie-gerdes.com\/da\/wp-json\/wp\/v2\/product?product_cat=8701"}],"curies":[{"name":"wp","href":"https:\/\/api.w.org\/{rel}","templated":true}]}}