{"id":9847,"count":0,"description":"Joseph Selleny, ogs\u00e5 kendt som Seleny eller Sell\u00e9ny, blev f\u00f8dt den 2. februar 1824 i Untermeidling, som i dag er en del af Wien, og d\u00f8de den 22. maj 1875 i Inzersdorf n\u00e6r Wien. Han var en \u00f8strigsk landskabsmaler, akvarelist, tegner og litograf.\n\nSelleny blev f\u00f8dt i Untermeidling 34, nu kendt som Sch\u00f6nbrunner Stra\u00dfe 34, selvom M\u00f6dling ofte fejlagtigt angives som hans f\u00f8dested. Han studerede p\u00e5 akademiet i Wien under ledelse af Thomas Ender og Franz Steinfeld. Derefter foretog han en studierejse gennem Tyrol og Lombardiet til Venedig sammen med sin malerkollega Eduard Ender. Takket v\u00e6re et stipendium fra Wienerakademiet kunne Selleny tage p\u00e5 endnu en studierejse til Rom og Napoli i 1854\/55.\n\nI l\u00f8bet af sin karriere fik Selleny mulighed for at m\u00f8de \u00e6rkehertug Ferdinand Maximilian, kejserens bror, som v\u00e6rdsatte og st\u00f8ttede hans arbejde. Denne forbindelse gjorde det muligt for ham at deltage i Novara-ekspeditionen, en videnskabelig jordomsejling, som i h\u00f8j grad blev drevet af \u00e6rkehertugen. Under ledelse af kommand\u00f8r Bernhard von W\u00fcllerstorf-Urbair deltog Selleny i denne ekspedition, som varede fra 30. april 1857 til 26. august 1859, og som begyndte og sluttede i Trieste.\n\nSellenys arbejde bidrog v\u00e6sentligt til Novara-ekspeditionens succes. Han skabte omkring 2000 akvareller, skitser, studier og udkast, som dokumenterede indtrykkene fra de enkelte stationer og lande, som fregatten SMS Novara bes\u00f8gte. Hans imponerende og levende billeder fungerede som forl\u00e6g for talrige litografier, der illustrerede rapporterne om denne rejse og blev udgivet i aviser og magasiner.\n\nSellenys autentiske billeder blev gjort tilg\u00e6ngelige for et bredt publikum gennem de ekstremt succesfulde publikationer om Novara-rejsen. Is\u00e6r var de fleste af de 224 illustrationer i Karl von Scherzers bog baseret p\u00e5 Sellenys tegninger. Bogen n\u00e5ede et samlet oplag p\u00e5 30.000 eksemplarer og var et af de mest succesfulde v\u00e6rker af sin art i det 19. \u00e5rhundrede i hele den tysktalende verden.\n\nEfter Novara-ekspeditionen ledsagede Selleny \u00e6rkehertug Ferdinand Maximilian p\u00e5 rejser til Nordafrika, Kap Verde og De Kanariske \u00d8er og Brasilien. Efter disse rejser slog han sig ned i Wien som freelancekunstner, hvor han allerede var meget kendt. Ud over sit arbejde som kunstner skabte Selleny sig ogs\u00e5 et navn som havearkitekt. Han designede bl.a. haverne i Wiens bypark (1862) og haverne p\u00e5 Miramare-paladset n\u00e6r Trieste, som var \u00e6rkehertug Maximilians og Charlotte af Belgiens residens.\n\nI 1873 fik Selleny til opgave af den kejserlige familie at male de store v\u00e6gmalerier i den kejserlige villa i Bad Ischl i Ober\u00f6sterreich.\n\nSelleny, som mestrede en r\u00e6kke forskellige teknikker, koncentrerede sig hovedsageligt om landskaber i sine malerier, som enten blev malet p\u00e5 stedet som akvareller eller i atelieret efter modeller. Hans direkte og livlige skildring blev ofte rost. Hans design af parker og haver var genstand for kontroverser.\n\nP\u00e5 grund af en nerv\u00f8s lidelse flyttede Selleny til Sydtyrol, hvor Novara-ekspeditionens leder ogs\u00e5 boede. Her malede han imponerende landskaber i olie, herunder imponerende klippelandskaber. P\u00e5 grund af sin sygdom m\u00e5tte han dog vende tilbage til Wien og blev indlagt p\u00e5 sindssygehospitalet i Inzersdorf n\u00e6r Wien, hvor han d\u00f8de i en alder af 51 \u00e5r.\n\nSelleny blev begravet p\u00e5 Wiens centrale kirkeg\u00e5rd (1-2-5) i en grav, der er indviet til \u00e6re for byen Wien. Sellenygasse i Wiens andet distrikt er opkaldt efter ham.\n\nEt betydeligt antal af Sellenys originale malerier fra Novara-ekspeditionen er nu i samlingerne p\u00e5 Milit\u00e6rhistorisk Museum i Wien, Albertinas grafiske samling og det \u00f8strigske Belvedere-galleri samt i privat eje. Nogle af disse billeder kan ses i den permanente udstilling p\u00e5 Milit\u00e6rhistorisk Museum.","link":"https:\/\/collection.galerie-gerdes.com\/da\/c\/kunstnere\/josef-selleny-da\/","name":"Josef Selleny","slug":"josef-selleny-da","taxonomy":"product_cat","parent":1855,"meta":[],"_links":{"self":[{"href":"https:\/\/collection.galerie-gerdes.com\/da\/wp-json\/wp\/v2\/product_cat\/9847","targetHints":{"allow":["GET"]}}],"collection":[{"href":"https:\/\/collection.galerie-gerdes.com\/da\/wp-json\/wp\/v2\/product_cat"}],"about":[{"href":"https:\/\/collection.galerie-gerdes.com\/da\/wp-json\/wp\/v2\/taxonomies\/product_cat"}],"up":[{"embeddable":true,"href":"https:\/\/collection.galerie-gerdes.com\/da\/wp-json\/wp\/v2\/product_cat\/1855"}],"wp:post_type":[{"href":"https:\/\/collection.galerie-gerdes.com\/da\/wp-json\/wp\/v2\/product?product_cat=9847"}],"curies":[{"name":"wp","href":"https:\/\/api.w.org\/{rel}","templated":true}]}}