{"id":358,"count":1,"description":"Walter Prescher van Ed (6. April 1916 in Dresden \u2013 11. April 1988 in Dickschied) war ein deutscher Maler.\n\nPrescher van Ed studierte an der Kunstakademie Dresden, wo er Sch\u00fcler von Ewald Karl Max Enderlein und Paul R\u00f6\u00dfler war. 1948 wurde ihm an der Akademie der K\u00fcnste in Berlin der Professorentitel verliehen, und anschlie\u00dfend wurde er ordentlicher Professor an der Kunstakademie Dresden. 1949 hatte er eine Einzelausstellung mit \u00d6lbildern in der renommierten Galerie Henning in Halle\/Saale. Im Jahr 1961 war er Gastprofessor an der Fachhochschule f\u00fcr Bildende K\u00fcnste in Nancy. Er wurde auch als Ehrenb\u00fcrger von Montmartre geehrt.\n\nParis, Prag und Dresden waren bedeutende Stationen in seinem Leben. Als Kosmopolit f\u00fchlte er sich besonders in seiner Wahlheimat Paris zuhause. In Prag lernte er Oskar Kokoschka kennen, dessen Meistersch\u00fcler er wurde und der ihm zum Durchbruch verhalf. In Paris pflegte er enge Freundschaften mit bedeutenden K\u00fcnstlern wie Fernand L\u00e9ger, Jacques Villon, Maurice Utrillo, Jean Cocteau und Karel Appel, die ihn ebenfalls beeinflussten und die er oft portr\u00e4tierte.\n\nSeine sp\u00e4timpressionistischen Gem\u00e4lde machten ihn auf internationalen Ausstellungen in St\u00e4dten wie New York, Paris, Nancy, Nizza, Dresden, Berlin, M\u00fcnchen und Frankfurt zu einem bekannten Namen in der Kunstszene.","link":"https:\/\/collection.galerie-gerdes.com\/de\/c\/kuenstler\/walter-prescher-van-ed\/","name":"Walter PRESCHER VAN ED","slug":"walter-prescher-van-ed","taxonomy":"product_cat","parent":44,"meta":[],"_links":{"self":[{"href":"https:\/\/collection.galerie-gerdes.com\/de\/wp-json\/wp\/v2\/product_cat\/358","targetHints":{"allow":["GET"]}}],"collection":[{"href":"https:\/\/collection.galerie-gerdes.com\/de\/wp-json\/wp\/v2\/product_cat"}],"about":[{"href":"https:\/\/collection.galerie-gerdes.com\/de\/wp-json\/wp\/v2\/taxonomies\/product_cat"}],"up":[{"embeddable":true,"href":"https:\/\/collection.galerie-gerdes.com\/de\/wp-json\/wp\/v2\/product_cat\/44"}],"wp:post_type":[{"href":"https:\/\/collection.galerie-gerdes.com\/de\/wp-json\/wp\/v2\/product?product_cat=358"}],"curies":[{"name":"wp","href":"https:\/\/api.w.org\/{rel}","templated":true}]}}