{"id":6878,"count":0,"description":"Hermann Busse, nacido el 25 de febrero de 1883 en L\u00fctkendorf y fallecido el 8 de enero de 1970 en Heilbronn, fue un pintor alem\u00e1n.\nNaci\u00f3 en L\u00fctkendorf como cuarto y \u00faltimo hijo del carpintero Wilhelm Busse y su esposa Wilhelmine Thurmann. Asisti\u00f3 a la escuela primaria local y despu\u00e9s complet\u00f3 un aprendizaje de siete a\u00f1os como pintor en Putlitz, donde se especializ\u00f3 en pintura mural decorativa. Tras completar su aprendizaje, se embarc\u00f3 en un viaje educativo de dos a\u00f1os por Alemania, Suiza, Austria e Italia entre 1906 y 1907. De 1907 a 1912 vivi\u00f3 alternativamente en Berl\u00edn, donde prosigui\u00f3 su carrera art\u00edstica, y en L\u00fctkendorf, donde mantuvo a sus padres. Adem\u00e1s de trabajar en el estudio de pintura berlin\u00e9s de E. Delorette, tambi\u00e9n trabaj\u00f3 como artista independiente y fue galardonado con la medalla de plata por tres de sus cuadros en la Exposici\u00f3n Comercial del Jubileo de Perleberg en 1911.\nGracias al apoyo del caballero director von Freier, Busse recibi\u00f3 una subvenci\u00f3n de 1.000 marcos de oro del Comit\u00e9 Provincial de Brandeburgo, lo que le permiti\u00f3 matricularse en la Academia de Bellas Artes de Berl\u00edn en 1914. Sin embargo, su formaci\u00f3n acad\u00e9mica se vio interrumpida de 1915 a 1919 por su servicio como reservista sustituto en la marina. Tras su servicio militar, continu\u00f3 sus estudios con el profesor Arthur Krapf y en 1920 se convirti\u00f3 en alumno aventajado del profesor Olof Jernberg. En 1919 y 1920 realiz\u00f3 viajes de estudios a Turingia y Wurtemberg, donde conoci\u00f3 a su futura esposa, Leni Kieser. A partir de entonces, pas\u00f3 los veranos en Jagstfeld y los meses de invierno en Berl\u00edn.\nBusse particip\u00f3 en las Grandes Exposiciones de Arte de Berl\u00edn de 1921, 1922 y 1924, antes de trasladarse a Jagstfeld para estar con su mujer en 1924 debido a la crisis econ\u00f3mica. En los a\u00f1os siguientes particip\u00f3 en exposiciones en el Glaspalast de M\u00fanich y en 1930 abri\u00f3 su propio espacio expositivo en Jagstfeld. Se hizo miembro de la Asociaci\u00f3n de Artistas de Heilbronn y pint\u00f3 junto a Wilhelm Sch\u00e4ffer. Despu\u00e9s de 1933, Busse tambi\u00e9n form\u00f3 parte del consejo municipal del reci\u00e9n creado municipio de Bad Friedrichshall y fue teniente de alcalde durante un tiempo.\nDurante la Segunda Guerra Mundial, parte de sus primeras obras en Berl\u00edn fueron destruidas en 1944 y la posada de Jagstfeld en 1945. Despu\u00e9s de la guerra, su estudio restaurado y las salas de exposici\u00f3n se utilizaron como alojamiento para refugiados, lo que le impuls\u00f3 a pintar m\u00e1s al aire libre.\nEn 1953 particip\u00f3 en una exposici\u00f3n colectiva en el W\u00fcrttembergischer Kunstverein de Stuttgart y Heilbronn, y en 1955 fund\u00f3 el Jagstfelder Kreis, una asociaci\u00f3n de artistas sin car\u00e1cter fijo. En 1960 tuvo que abandonar sus habitaciones de la posada Sch\u00f6ne Aussicht y se traslad\u00f3 a Heilbronn. En 1963, el Kunstverein Heilbronn organiz\u00f3 una retrospectiva para celebrar el 80 cumplea\u00f1os de Busse. Hermann Busse muri\u00f3 en Heilbronn el 8 de enero de 1970. Ese mismo a\u00f1o se celebr\u00f3 una exposici\u00f3n conmemorativa en el Museo Hist\u00f3rico de la ciudad de Heilbronn, y en 1980 los Museos Municipales de Heilbronn volvieron a presentar una exposici\u00f3n de la obra del pintor.","link":"https:\/\/collection.galerie-gerdes.com\/es\/c\/artistas-es\/hermann-busse-es\/","name":"Hermann Busse","slug":"hermann-busse-es","taxonomy":"product_cat","parent":1869,"meta":[],"_links":{"self":[{"href":"https:\/\/collection.galerie-gerdes.com\/es\/wp-json\/wp\/v2\/product_cat\/6878","targetHints":{"allow":["GET"]}}],"collection":[{"href":"https:\/\/collection.galerie-gerdes.com\/es\/wp-json\/wp\/v2\/product_cat"}],"about":[{"href":"https:\/\/collection.galerie-gerdes.com\/es\/wp-json\/wp\/v2\/taxonomies\/product_cat"}],"up":[{"embeddable":true,"href":"https:\/\/collection.galerie-gerdes.com\/es\/wp-json\/wp\/v2\/product_cat\/1869"}],"wp:post_type":[{"href":"https:\/\/collection.galerie-gerdes.com\/es\/wp-json\/wp\/v2\/product?product_cat=6878"}],"curies":[{"name":"wp","href":"https:\/\/api.w.org\/{rel}","templated":true}]}}