{"id":7710,"count":0,"description":"Michel Wagner naci\u00f3 el 20 de diciembre de 1893 en Muschenried\/Oberpfalz y muri\u00f3 el 3 de diciembre de 1965 en M\u00fanich. Fue un pintor y escultor alem\u00e1n, conocido por ser miembro de la Juryfreie Kunstausstellung y del Neue Gruppe, y se le considera parte de la Generaci\u00f3n Perdida.\n\nHijo del matrimonio de agricultores Georg y Barbara Wagner, creci\u00f3 en un entorno rural, que m\u00e1s tarde aparecer\u00eda a menudo como motivo en sus obras. A los 15 a\u00f1os abandon\u00f3 la granja de sus padres para comenzar un aprendizaje como panadero en M\u00fanich. All\u00ed tambi\u00e9n empez\u00f3 a hacer sus primeros dibujos y envi\u00f3 algunos de ellos a Franz von Defregger, que respondi\u00f3 alentadoramente. En 1910, Wagner parti\u00f3 a pie de M\u00fanich a Hamburgo, donde se enrol\u00f3 en un carguero. Cuando estall\u00f3 la Primera Guerra Mundial, se alist\u00f3 en la marina.\n\nTras la guerra, en 1921, Wagner decidi\u00f3 dedicarse al arte. Desarroll\u00f3 sus habilidades autodidactas y se convirti\u00f3 en alumno de Lovis Corinth y Stanislaus St\u00fcckgold. Ya en 1923 expuso sus obras en la exposici\u00f3n anual de arte del Glaspalast de M\u00fanich. En 1923\/1924 realiz\u00f3 un viaje de estudios a Brasil, del que inform\u00f3 el K\u00f6lnische Volkszeitung. A su regreso, se cas\u00f3 con la pintora Else S\u00e4ulen y se instal\u00f3 en Hohensch\u00e4ftlarn, cerca de M\u00fanich.\n\nEn la d\u00e9cada de 1930, Wagner se mostr\u00f3 especialmente activo en exposiciones, pero su actividad se interrumpi\u00f3 bruscamente tras la llegada al poder de los nacionalsocialistas. Despu\u00e9s de la guerra, particip\u00f3 en la primera exposici\u00f3n de pintura moderna de Baviera, \u00abPintores del presente\u00bb, en el Schaezlerpalais de Augsburgo. Sus obras se expusieron en todas las zonas de ocupaci\u00f3n occidentales hasta 1949. En los a\u00f1os siguientes particip\u00f3 en varias exposiciones colectivas en Alemania y en el extranjero.\n\nWagner se traslad\u00f3 a M\u00fanich con su esposa en 1952, donde falleci\u00f3 un a\u00f1o despu\u00e9s de la muerte de ella. Leg\u00f3 su casa de Hohensch\u00e4ftlarn a la Deutsche K\u00fcnstlerhilfe.\n\nWagner fue homenajeado p\u00f3stumamente con el cuadro \u00abSeilt\u00e4nzer\u00bb en la exposici\u00f3n especial \u00abDrei Jahrzehnte Neue Gruppe\u00bb de la Gro\u00dfe Kunstausstellung M\u00fcnchen.\n\nSus obras se han presentado en numerosas exposiciones, como las del Glaspalast de M\u00fanich, la Kunsthalle Bremen, la Berlin Secession y la St\u00e4dtische Galerie de M\u00fanich. Sus obras tambi\u00e9n se encuentran en colecciones p\u00fablicas como la Bayerische Staatssammlung, la St\u00e4dtische Galerie im Lenbachhaus, la Galerie Neue Meister de Dresde y el museo de Richmond, Virginia.","link":"https:\/\/collection.galerie-gerdes.com\/es\/c\/artistas-es\/michel-wagner-es\/","name":"Michel Wagner","slug":"michel-wagner-es","taxonomy":"product_cat","parent":1869,"meta":[],"_links":{"self":[{"href":"https:\/\/collection.galerie-gerdes.com\/es\/wp-json\/wp\/v2\/product_cat\/7710","targetHints":{"allow":["GET"]}}],"collection":[{"href":"https:\/\/collection.galerie-gerdes.com\/es\/wp-json\/wp\/v2\/product_cat"}],"about":[{"href":"https:\/\/collection.galerie-gerdes.com\/es\/wp-json\/wp\/v2\/taxonomies\/product_cat"}],"up":[{"embeddable":true,"href":"https:\/\/collection.galerie-gerdes.com\/es\/wp-json\/wp\/v2\/product_cat\/1869"}],"wp:post_type":[{"href":"https:\/\/collection.galerie-gerdes.com\/es\/wp-json\/wp\/v2\/product?product_cat=7710"}],"curies":[{"name":"wp","href":"https:\/\/api.w.org\/{rel}","templated":true}]}}