{"id":8419,"count":0,"description":"Werner Hunziker, nacido el 29 de junio de 1894 en Aarau y fallecido el 9 de septiembre de 1975 en Olten, fue un destacado pintor que se dio a conocer sobre todo por su colaboraci\u00f3n con su hermano gemelo Gerold Hunziker.\n\nLa diversidad art\u00edstica de Werner Hunziker inclu\u00eda murales con motivos religiosos y mitol\u00f3gicos, retratos, bodegones y paisajes. Su carrera art\u00edstica comenz\u00f3 con su graduaci\u00f3n en la escuela de gram\u00e1tica de Aarau, seguida de a\u00f1os de estudio con Ernst W\u00fcrtenberger en la Escuela de Artes y Oficios de Z\u00farich en 1914\/15.\n\nJunto con su hermano Gerold, Werner se traslad\u00f3 a Ginebra para estudiar en la \u00c9cole des Beaux-Arts entre 1916 y 1918. Tambi\u00e9n hizo el servicio militar durante la Primera Guerra Mundial. Tras la d\u00e9cada de guerra, se instal\u00f3 en Par\u00eds durante un largo periodo, donde estudi\u00f3 con artistas de renombre como Lucien Simon (1919), Maurice Denis (1920) y Andr\u00e9 Lhote (1921). Desde Par\u00eds, viaj\u00f3 con Gerold a Londres, Florencia, Venecia, Roma y, por \u00faltimo, Berl\u00edn.\n\nTras su estancia en Par\u00eds hasta 1938, regres\u00f3 temporalmente a su ciudad natal, Aarau, antes de vivir en Feldmeilen hasta 1947 y finalmente en Lostorf. Fue una \u00e9poca en la que trabaj\u00f3 en estrecha colaboraci\u00f3n con su hermano gemelo y sus visiones art\u00edsticas se fusionaron.","link":"https:\/\/collection.galerie-gerdes.com\/es\/c\/artistas-es\/werner-hunziker-es\/","name":"Werner Hunziker","slug":"werner-hunziker-es","taxonomy":"product_cat","parent":1869,"meta":[],"_links":{"self":[{"href":"https:\/\/collection.galerie-gerdes.com\/es\/wp-json\/wp\/v2\/product_cat\/8419","targetHints":{"allow":["GET"]}}],"collection":[{"href":"https:\/\/collection.galerie-gerdes.com\/es\/wp-json\/wp\/v2\/product_cat"}],"about":[{"href":"https:\/\/collection.galerie-gerdes.com\/es\/wp-json\/wp\/v2\/taxonomies\/product_cat"}],"up":[{"embeddable":true,"href":"https:\/\/collection.galerie-gerdes.com\/es\/wp-json\/wp\/v2\/product_cat\/1869"}],"wp:post_type":[{"href":"https:\/\/collection.galerie-gerdes.com\/es\/wp-json\/wp\/v2\/product?product_cat=8419"}],"curies":[{"name":"wp","href":"https:\/\/api.w.org\/{rel}","templated":true}]}}