{"id":5791,"count":0,"description":"Carl Weisgerber syntyi 25. lokakuuta 1891 Ahrweilerissa, joka on viininviljelyn ja matkailun leimaama vieh\u00e4tt\u00e4v\u00e4 pikkukaupunki Ahrin laaksossa. H\u00e4n oli Carl Hubert ja Elisabeth Weisgerberin nelj\u00e4s lapsi, ja h\u00e4n kasvoi yhdess\u00e4 sisarustensa Marian, Annan, Elisabethin ja Wilhelmin kanssa Niederhutstra\u00dfe 23:ssa. Toinen veli, Heinrich Weisgerber, oli kuollut jo syntyess\u00e4\u00e4n vuonna 1887.\n\nPerheell\u00e4 oli Ahrweilerissa verhoilu- ja satulaliike, jossa kaikki lapset, my\u00f6s nuori Carl, joutuivat auttamaan. Carlin taiteellinen lahjakkuus ilmeni jo varhain, ja sit\u00e4 edisti h\u00e4nen is\u00e4ns\u00e4 intohimo harrastajateatteria kohtaan. H\u00e4n alkoi suunnitella teatterin lavasteita, vietti vapaa-aikaansa mets\u00e4ss\u00e4 ja mets\u00e4st\u00e4m\u00e4ll\u00e4, ja h\u00e4n aloitti el\u00e4inten el\u00e4intent\u00e4ytt\u00f6jen tekemisen ja piirt\u00e4misen. T\u00e4st\u00e4 taipumuksesta huolimatta h\u00e4n pysyi aktiivisena vanhempiensa k\u00e4sity\u00f6l\u00e4isyrityksess\u00e4. T\u00e4lt\u00e4 ajalta per\u00e4isin olevissa t\u00f6iss\u00e4 on Ahrin laakson ja Ahrweilerin motiiveja guassilla ja pastellilla.\n\n26- tai 27-vuotiaana Willy Spatz havaitsi ja kannusti Carl Weisgerberin lahjakkuuden. Spatzin innoittamana Weisgerber hakeutui D\u00fcsseldorfin taideakatemiaan vuonna 1918 ja aloitti opinnot Max Clarenbachin maisemaluokassa. My\u00f6hemmin h\u00e4n siirtyi el\u00e4inmaalaukseen Julius Paul Junghannsin luokassa ja sai todenn\u00e4k\u00f6isesti opintonsa p\u00e4\u00e4t\u00f6kseen vuosina 1922\/1923. H\u00e4n solmi elinik\u00e4isen yst\u00e4vyyssuhteen el\u00e4inmaalari Georg Wolfin kanssa, joka oli my\u00f6s opiskellut Junghannsin johdolla.\n\nVuonna 1924 h\u00e4n avioitui Oberwesel-St. Goarista kotoisin olevan Amalie Mathilde Hirschin kanssa D\u00fcsseldorfissa, jossa heid\u00e4n ainoa poikansa syntyi vuonna 1927. Weisgerber vietti koko taiteilijael\u00e4m\u00e4ns\u00e4 D\u00fcsseldorfissa, mutta vietti aikaa my\u00f6s Ahrin laaksossa, Eifelin alueella, Adenaun alueella ja matkusti Hollantiin, It\u00e4-Friesiaan, Ruotsiin, Tiroliin ja silloiseen Jugoslaviaan.\n\nWeisgerber osallistui Nuoren Reininmaan, Reinin ryhm\u00e4n ja Reinin secessionin j\u00e4rjest\u00e4miin n\u00e4yttelyihin ja oli D\u00fcsseldorfin taiteilijaseuran j\u00e4sen. H\u00e4nen maalauksiaan esiteltiin M\u00fcnchenin suurissa saksalaisissa taiden\u00e4yttelyiss\u00e4 vuosina 1938-1944, ja h\u00e4n sai my\u00f6s Hitlerin ja muiden johtavien kansallissosialistien suosiota. Kuoltuaan vuonna 1968 Carl Weisgerber haudattiin D\u00fcsseldorf-Heerdtin hautausmaalle.\n\nH\u00e4nen teoksiaan esiteltiin useissa ryhm\u00e4n\u00e4yttelyiss\u00e4, muun muassa vuoden 1933 \u201dDie Westfront\u201d -n\u00e4yttelyss\u00e4 Esseniss\u00e4 sek\u00e4 \u201dJunge Kunst im Deutschen Reich\u201d -n\u00e4yttelyss\u00e4 Wienin K\u00fcnstlerhausissa vuonna 1943. Vuonna 1964 h\u00e4nen teoksistaan j\u00e4rjestettiin suuri n\u00e4yttely yhdess\u00e4 Herbert Griebitzin kanssa Kunstverein f\u00fcr die Rheinlande und Westfalenin taidehallissa D\u00fcsseldorfissa.","link":"https:\/\/collection.galerie-gerdes.com\/fi\/c\/taiteilijat\/carl-weisgerber-fi\/","name":"Carl Weisgerber","slug":"carl-weisgerber-fi","taxonomy":"product_cat","parent":1856,"meta":[],"_links":{"self":[{"href":"https:\/\/collection.galerie-gerdes.com\/fi\/wp-json\/wp\/v2\/product_cat\/5791","targetHints":{"allow":["GET"]}}],"collection":[{"href":"https:\/\/collection.galerie-gerdes.com\/fi\/wp-json\/wp\/v2\/product_cat"}],"about":[{"href":"https:\/\/collection.galerie-gerdes.com\/fi\/wp-json\/wp\/v2\/taxonomies\/product_cat"}],"up":[{"embeddable":true,"href":"https:\/\/collection.galerie-gerdes.com\/fi\/wp-json\/wp\/v2\/product_cat\/1856"}],"wp:post_type":[{"href":"https:\/\/collection.galerie-gerdes.com\/fi\/wp-json\/wp\/v2\/product?product_cat=5791"}],"curies":[{"name":"wp","href":"https:\/\/api.w.org\/{rel}","templated":true}]}}