{"id":7696,"count":0,"description":"Michel Wagner syntyi 20. joulukuuta 1893 Muschenried\/Oberpfalzissa ja kuoli 3. joulukuuta 1965 M\u00fcncheniss\u00e4. H\u00e4n oli saksalainen taidemaalari ja kuvanveist\u00e4j\u00e4, joka tunnetaan Juryfreie Kunstausstellungin ja Neue Gruppe -ryhm\u00e4n j\u00e4senen\u00e4 ja jota pidet\u00e4\u00e4n osana kadonnutta sukupolvea.\n\nMaanviljelij\u00e4pariskunta Georg ja Barbara Wagnerin poikana h\u00e4n kasvoi maaseutuymp\u00e4rist\u00f6ss\u00e4, joka my\u00f6hemmin esiintyi usein motiivina h\u00e4nen teoksissaan. H\u00e4n l\u00e4hti 15-vuotiaana vanhempiensa maatilalta ja aloitti leipurin oppisopimuskoulutuksen M\u00fcncheniss\u00e4. Siell\u00e4 h\u00e4n alkoi my\u00f6s tehd\u00e4 ensimm\u00e4isi\u00e4 piirustuksiaan ja l\u00e4hetti niist\u00e4 joitakin Franz von Defreggerille, joka suhtautui niihin kannustavasti. Vuonna 1910 Wagner l\u00e4hti jalan M\u00fcnchenist\u00e4 Hampuriin, jossa h\u00e4n kirjoittautui rahtilaivaan. Kun ensimm\u00e4inen maailmansota syttyi, h\u00e4n v\u00e4rv\u00e4ytyi laivastoon.\n\nSodan j\u00e4lkeen vuonna 1921 Wagner p\u00e4\u00e4tti jatkaa el\u00e4m\u00e4\u00e4ns\u00e4 taiteen parissa. H\u00e4n kehitti itseopiskelutaitojaan ottamalla oppia Lovis Corinthilta ja Stanislaus St\u00fcckgoldilta. Jo vuonna 1923 h\u00e4n esitteli teoksiaan M\u00fcnchenin Glaspalastin vuotuisessa taiden\u00e4yttelyss\u00e4. T\u00e4t\u00e4 seurasi opintomatka Brasiliaan vuosina 1923\/1924, josta raportoitiin K\u00f6lnische Volkszeitungissa. Palattuaan h\u00e4n avioitui taidemaalari Else S\u00e4ulen kanssa ja asettui asumaan Hohensch\u00e4ftlarniin M\u00fcnchenin l\u00e4helle.\n\n1930-luvulla Wagner oli erityisen aktiivinen n\u00e4yttelytoiminnassa, mutta t\u00e4m\u00e4 loppui \u00e4killisesti kansallissosialistien tultua valtaan. Sodan j\u00e4lkeen h\u00e4n osallistui Baijerin ensimm\u00e4iseen modernin maalaustaiteen n\u00e4yttelyyn \u201dNykyajan maalarit\u201d Augsburgin Schaezlerpalaisessa. H\u00e4nen teoksiaan esiteltiin kaikilla l\u00e4ntisill\u00e4 miehitysalueilla vuoteen 1949 asti. Seuraavina vuosina h\u00e4n osallistui useisiin ryhm\u00e4n\u00e4yttelyihin Saksassa ja ulkomailla.\n\nWagner muutti vaimonsa kanssa M\u00fcncheniin vuonna 1952, jossa h\u00e4n kuoli vuosi vaimonsa kuoleman j\u00e4lkeen. H\u00e4n testamenttasi Hohensch\u00e4ftlarnissa sijaitsevan talonsa Deutsche K\u00fcnstlerhilfe -j\u00e4rjest\u00f6lle.\n\nWagneria kunnioitettiin postuumisti maalauksella \u201dSeilt\u00e4nzer\u201d M\u00fcnchenin Gro\u00dfe Kunstausstellungin erikoisn\u00e4yttelyss\u00e4 \u201dDrei Jahrzehnte Neue Gruppe\u201d.\n\nH\u00e4nen teoksiaan on esitelty lukuisissa n\u00e4yttelyiss\u00e4, muun muassa Glaspalastissa M\u00fcncheniss\u00e4, Kunsthalle Bremeniss\u00e4, Berlin Secessionissa ja St\u00e4dtische Galerie M\u00fcncheniss\u00e4. H\u00e4nen teoksiaan on my\u00f6s julkisissa kokoelmissa, kuten Bayerische Staatssammlung, St\u00e4dtische Galerie im Lenbachhaus, Galerie Neue Meister Dresdeniss\u00e4 ja Richmondin museo Virginiassa.","link":"https:\/\/collection.galerie-gerdes.com\/fi\/c\/taiteilijat\/michel-wagner-fi\/","name":"Michel Wagner","slug":"michel-wagner-fi","taxonomy":"product_cat","parent":1856,"meta":[],"_links":{"self":[{"href":"https:\/\/collection.galerie-gerdes.com\/fi\/wp-json\/wp\/v2\/product_cat\/7696","targetHints":{"allow":["GET"]}}],"collection":[{"href":"https:\/\/collection.galerie-gerdes.com\/fi\/wp-json\/wp\/v2\/product_cat"}],"about":[{"href":"https:\/\/collection.galerie-gerdes.com\/fi\/wp-json\/wp\/v2\/taxonomies\/product_cat"}],"up":[{"embeddable":true,"href":"https:\/\/collection.galerie-gerdes.com\/fi\/wp-json\/wp\/v2\/product_cat\/1856"}],"wp:post_type":[{"href":"https:\/\/collection.galerie-gerdes.com\/fi\/wp-json\/wp\/v2\/product?product_cat=7696"}],"curies":[{"name":"wp","href":"https:\/\/api.w.org\/{rel}","templated":true}]}}