{"id":9544,"count":0,"description":"Louis Toncini, syntynyt 30. marraskuuta 1907 Marseillessa ja kuollut 27. joulukuuta 2002, oli ranskalainen taidemaalari.\n\nLouis Toncini opiskeli Marseillen \u00c9cole des beaux-artsissa ensin kuvanveistoa ja sitten maalausta. Vuonna 1928 h\u00e4n piti n\u00e4yttely\u00e4 Guibertin galleriassa ja taidekirjakaupassa Cours Pierre-Puget'n varrella Marseillessa. Pian t\u00e4m\u00e4n j\u00e4lkeen h\u00e4n osallistui Marseillen nuorten taidemaalareiden liikkeeseen ja perusti vuonna 1931 yhdess\u00e4 Leon Cadenelin, Antoine Serran, Jean Tognettin ja Fran\u00e7ois Dianan kanssa proletaaristen taidemaalareiden ryhm\u00e4n, joka my\u00f6hemmin tunnettiin nimell\u00e4 Kansan maalarit. H\u00e4n maalasi ty\u00f6el\u00e4m\u00e4\u00e4 ja k\u00e4sitteli urbaaneja aiheita: Tehtaita, rautatieasemia, satamia jne.\n\nH\u00e4n ty\u00f6skenteli my\u00f6s koristemaalarina, ja monet arkkitehdit tilasivat h\u00e4nelt\u00e4 t\u00f6it\u00e4. Vuonna 1936 h\u00e4n osallistui (yhdess\u00e4 Antoine Serran, Fran\u00e7ois Dianan ja Leon Cadenelin kanssa) maakunnan ensimm\u00e4isen kulttuuritalon perustamiseen Louis Aragonin, Andr\u00e9 Malraux'n ja Jean Gionon tuella.\n\nVapautumisen j\u00e4lkeen h\u00e4nen optimistinen luonteensa sai yliotteen: h\u00e4n maalasi asetelmia, kukkakimppuja ja maisemia. H\u00e4nest\u00e4 tuli yksi P\u00e9anon taidemaalareiden t\u00e4rkeimmist\u00e4 hahmoista. Ostettuaan talon Hautes-Alpesista h\u00e4n maalasi my\u00f6s Durance-joen rantoja, vuoria, kyli\u00e4 jne.","link":"https:\/\/collection.galerie-gerdes.com\/fi\/c\/taiteilijat\/louis-toncini-fi\/","name":"Louis Toncini","slug":"louis-toncini-fi","taxonomy":"product_cat","parent":1856,"meta":[],"_links":{"self":[{"href":"https:\/\/collection.galerie-gerdes.com\/fi\/wp-json\/wp\/v2\/product_cat\/9544","targetHints":{"allow":["GET"]}}],"collection":[{"href":"https:\/\/collection.galerie-gerdes.com\/fi\/wp-json\/wp\/v2\/product_cat"}],"about":[{"href":"https:\/\/collection.galerie-gerdes.com\/fi\/wp-json\/wp\/v2\/taxonomies\/product_cat"}],"up":[{"embeddable":true,"href":"https:\/\/collection.galerie-gerdes.com\/fi\/wp-json\/wp\/v2\/product_cat\/1856"}],"wp:post_type":[{"href":"https:\/\/collection.galerie-gerdes.com\/fi\/wp-json\/wp\/v2\/product?product_cat=9544"}],"curies":[{"name":"wp","href":"https:\/\/api.w.org\/{rel}","templated":true}]}}