{"id":1484,"count":0,"description":"Gustav Traub, n\u00e9 le 23 d\u00e9cembre 1885 \u00e0 Lahr en For\u00eat-Noire et mort le 16 mai 1955 \u00e0 St. M\u00e4rgen, est un peintre et graphiste allemand de renom.\n\u00c0 l'\u00e2ge de douze ans, Gustav Traub peint l'\u00e9glise de Burgheim \u00e0 l'aquarelle et apprend plus tard le m\u00e9tier de ma\u00eetre-peintre. Apr\u00e8s avoir \u00e9tudi\u00e9 \u00e0 l'\u00e9cole des arts et m\u00e9tiers de Karlsruhe, il passe deux ans \u00e0 Paris avant de s'installer \u00e0 Munich. L\u00e0, il \u00e9largit son r\u00e9pertoire avec des peintures de paysages de Haute-Bavi\u00e8re et r\u00e9alise des dessins \u00e0 la craie rouge ainsi que de nombreuses illustrations de livres. Pendant sept ans, de 1912 \u00e0 1920, il travaille pour les Meggendorfer-Bl\u00e4tter et r\u00e9alise au moins 493 illustrations. De 1918 \u00e0 1943 environ, il travaille pour les Fliegende Bl\u00e4tter. Il con\u00e7oit \u00e9galement les portfolios de \u00ab Sieben Legenden \u00bb (1920) et \u00ab Stille Zeiten \u00bb (1921) de Gottfried Keller, ainsi que les illustrations du recueil de po\u00e8mes \u00ab Tu' ab den Staub der Stra\u00dfe \u00bb de Stefan Peuchel.\nTraub a particip\u00e9 \u00e0 des expositions au Glaspalast de Munich et a pr\u00e9sent\u00e9 vingt peintures de paysages \u00e0 la grande exposition d'art allemand de 1937 \u00e0 1944. En 1939, \u00e0 l'occasion de l'anniversaire d'Hitler, il re\u00e7oit le titre de professeur, Hitler ayant acquis certaines de ses \u0153uvres \u00e0 la suite d'une exposition \u00e0 la Maison de l'art allemand. La m\u00eame ann\u00e9e, une exposition compl\u00e8te des \u0153uvres ant\u00e9rieures de Traub est organis\u00e9e \u00e0 Lahr. Il est secr\u00e9taire de l'Association des artistes dessinateurs et membre de la Coop\u00e9rative des artistes de Munich.\nAu cours d'un s\u00e9jour \u00e0 l'h\u00f4tel Goldene Krone de St. M\u00e4rgen pendant l'\u00e9t\u00e9 1940, il fait la connaissance du peintre Karl Hauptmann, originaire de la For\u00eat-Noire. Apr\u00e8s avoir perdu tous leurs biens \u00e0 Munich avec sa femme, il s'installe \u00e0 St. M\u00e4rgen en 1941. C'est l\u00e0, dans son atelier situ\u00e9 dans le grenier de la Wagensteigstra\u00dfe 4, qu'il meurt le 16 mai 1955 et repose \u00e0 Kempten.\nPendant son s\u00e9jour en Haute For\u00eat-Noire, Traub a souvent peint sur des panneaux d'agglom\u00e9r\u00e9, que l'on trouvait facilement \u00e0 l'\u00e9poque. Il \u00e9tait \u00e9galement m\u00e9lomane et \u00e9crivait des anecdotes sur sa jeunesse. Son travail de graphiste a \u00e9t\u00e9 influenc\u00e9 par le style de son ami Ferdinand Staeger.","link":"https:\/\/collection.galerie-gerdes.com\/fr\/c\/artiste\/gustav-traub-fr\/","name":"Gustav Traub","slug":"gustav-traub-fr","taxonomy":"product_cat","parent":1860,"meta":[],"_links":{"self":[{"href":"https:\/\/collection.galerie-gerdes.com\/fr\/wp-json\/wp\/v2\/product_cat\/1484","targetHints":{"allow":["GET"]}}],"collection":[{"href":"https:\/\/collection.galerie-gerdes.com\/fr\/wp-json\/wp\/v2\/product_cat"}],"about":[{"href":"https:\/\/collection.galerie-gerdes.com\/fr\/wp-json\/wp\/v2\/taxonomies\/product_cat"}],"up":[{"embeddable":true,"href":"https:\/\/collection.galerie-gerdes.com\/fr\/wp-json\/wp\/v2\/product_cat\/1860"}],"wp:post_type":[{"href":"https:\/\/collection.galerie-gerdes.com\/fr\/wp-json\/wp\/v2\/product?product_cat=1484"}],"curies":[{"name":"wp","href":"https:\/\/api.w.org\/{rel}","templated":true}]}}