{"id":2317,"count":0,"description":"Alois Haberditzl \u00e9tait \u00e9tudiant en art et a probablement \u00e9tudi\u00e9 en Allemagne vers 1936-1938. Jusque dans les ann\u00e9es 60, il a travaill\u00e9 comme artiste peintre, notamment pour des \u00e9glises.","link":"https:\/\/collection.galerie-gerdes.com\/fr\/c\/artiste\/alois-haberditzl-fr\/","name":"Alois Haberditzl","slug":"alois-haberditzl-fr","taxonomy":"product_cat","parent":1860,"meta":[],"_links":{"self":[{"href":"https:\/\/collection.galerie-gerdes.com\/fr\/wp-json\/wp\/v2\/product_cat\/2317","targetHints":{"allow":["GET"]}}],"collection":[{"href":"https:\/\/collection.galerie-gerdes.com\/fr\/wp-json\/wp\/v2\/product_cat"}],"about":[{"href":"https:\/\/collection.galerie-gerdes.com\/fr\/wp-json\/wp\/v2\/taxonomies\/product_cat"}],"up":[{"embeddable":true,"href":"https:\/\/collection.galerie-gerdes.com\/fr\/wp-json\/wp\/v2\/product_cat\/1860"}],"wp:post_type":[{"href":"https:\/\/collection.galerie-gerdes.com\/fr\/wp-json\/wp\/v2\/product?product_cat=2317"}],"curies":[{"name":"wp","href":"https:\/\/api.w.org\/{rel}","templated":true}]}}