{"id":3908,"count":0,"description":"J\u00e1n Mudroch (Senice, 28 mars 1909 - Bratislava, 4 f\u00e9vrier 1968) \u00e9tait un peintre et un enseignant slovaque. Il est l'un des artistes les plus importants du modernisme slovaque.\n\nEntre 1931 et 1937, il \u00e9tudie \u00e0 l'Acad\u00e9mie des beaux-arts de Prague. C'est l\u00e0 qu'il rencontre les principaux repr\u00e9sentants de la g\u00e9n\u00e9ration de 1909. En 1937, il retourne en Slovaquie. Il enseigne \u00e0 l'\u00c9cole des arts et m\u00e9tiers. Il fait partie des artistes slovaques qui r\u00e9agissent aux horreurs de la guerre civile espagnole. \u00c0 partir de 1939, il enseigne au d\u00e9partement de dessin de l'universit\u00e9 technique slovaque de Bratislava. En 1941, il a cess\u00e9 d'enseigner en raison de ses opinions antifascistes et a \u00e9t\u00e9 exclu de l'Union des artistes slovaques. Pendant la Seconde Guerre mondiale, il est souvent critiqu\u00e9, tant sur le plan artistique que sur le plan humain, pour ses opinions ouvertement anti-guerre. En 1946, il est nomm\u00e9 professeur au d\u00e9partement de dessin et de peinture de la SV\u0160T, puis \u00e0 la facult\u00e9 d'\u00e9ducation de l'universit\u00e9 slovaque. En 1950, il est nomm\u00e9 recteur de la toute nouvelle Acad\u00e9mie des beaux-arts de Bratislava. Il a \u00e9galement particip\u00e9 \u00e0 la cr\u00e9ation de la Galerie nationale slovaque.\n\nIl participe \u00e0 la cr\u00e9ation de revues professionnelles et d'anthologies surr\u00e9alistes (R\u00eave et R\u00e9alit\u00e9). Il peint principalement \u00e0 l'huile sur toile. Il se concentre principalement sur la peinture figurative et les natures mortes, en utilisant des m\u00e9taphores et des symboles. Avant la guerre, il a peint des tableaux engag\u00e9s et sombres (Le po\u00e8te assassin\u00e9, Catastrophe) et des sujets ruraux (La vache). Ses chefs-d'\u0153uvre datent de la p\u00e9riode de la Seconde Guerre mondiale (Misfortune). Apr\u00e8s la guerre, il se caract\u00e9rise par un style de r\u00e9alisme po\u00e9tique (M\u00e8re avec enfant sur le dos, Maternit\u00e9, Fille couch\u00e9e).\n\nEn 1963, il re\u00e7oit le titre d'artiste du m\u00e9rite et, en 1968, celui d'artiste national.","link":"https:\/\/collection.galerie-gerdes.com\/fr\/c\/artiste\/jan-mudroch-fr\/","name":"J\u00e1n MUDROCH","slug":"jan-mudroch-fr","taxonomy":"product_cat","parent":1860,"meta":[],"_links":{"self":[{"href":"https:\/\/collection.galerie-gerdes.com\/fr\/wp-json\/wp\/v2\/product_cat\/3908","targetHints":{"allow":["GET"]}}],"collection":[{"href":"https:\/\/collection.galerie-gerdes.com\/fr\/wp-json\/wp\/v2\/product_cat"}],"about":[{"href":"https:\/\/collection.galerie-gerdes.com\/fr\/wp-json\/wp\/v2\/taxonomies\/product_cat"}],"up":[{"embeddable":true,"href":"https:\/\/collection.galerie-gerdes.com\/fr\/wp-json\/wp\/v2\/product_cat\/1860"}],"wp:post_type":[{"href":"https:\/\/collection.galerie-gerdes.com\/fr\/wp-json\/wp\/v2\/product?product_cat=3908"}],"curies":[{"name":"wp","href":"https:\/\/api.w.org\/{rel}","templated":true}]}}