{"id":4124,"count":0,"description":"Peter Koch (8 octobre 1874 \u00e0 Benjental pr\u00e8s de Deidesheim - 10 ao\u00fbt 1956 \u00e0 Gimmeldingen) \u00e9tait un peintre allemand important, connu pour ses \u0153uvres figuratives et plus tard pour ses peintures de paysages.\n\nKoch est n\u00e9 dans le \u00ab moulin sup\u00e9rieur \u00bb de Benjental, o\u00f9 son p\u00e8re Johann Koch travaillait comme forgeron d'armoiries. Apr\u00e8s sa premi\u00e8re formation dans une \u00e9cole de peinture, Koch \u00e9tudia \u00e0 l'Acad\u00e9mie des Beaux-Arts de Munich. Il y \u00e9tudia entre autres avec les professeurs Gabriel von Hackl et Carl von Marr.\n\nApr\u00e8s un perfectionnement aupr\u00e8s de Heinrich von Z\u00fcgel, Koch a travaill\u00e9 \u00e0 Munich, Berlin et en Suisse. Il obtint rapidement une certaine reconnaissance en exposant \u00e0 Munich (1908), \u00e0 la S\u00e9cession de Berlin (1911\/12), \u00e0 B\u00e2le (1912) et \u00e0 Mannheim (1913). En 1914, il quitte l'Allemagne et passe huit ans aux \u00c9tats-Unis, notamment dans les \u00c9tats de New York et du New Jersey, o\u00f9 il devient membre de la Society of Independent Artists.\n\nEn 1922, Koch retourna en Allemagne et s'installa \u00e0 Gimmeldingen. Il y fut nomm\u00e9 maire et, en 1954, citoyen d'honneur. Alors que ses premi\u00e8res \u0153uvres \u00e9taient principalement des repr\u00e9sentations figuratives, il s'est ensuite davantage consacr\u00e9 \u00e0 la peinture de paysages.","link":"https:\/\/collection.galerie-gerdes.com\/fr\/c\/artiste\/peter-koch-fr\/","name":"Peter Koch","slug":"peter-koch-fr","taxonomy":"product_cat","parent":1860,"meta":[],"_links":{"self":[{"href":"https:\/\/collection.galerie-gerdes.com\/fr\/wp-json\/wp\/v2\/product_cat\/4124","targetHints":{"allow":["GET"]}}],"collection":[{"href":"https:\/\/collection.galerie-gerdes.com\/fr\/wp-json\/wp\/v2\/product_cat"}],"about":[{"href":"https:\/\/collection.galerie-gerdes.com\/fr\/wp-json\/wp\/v2\/taxonomies\/product_cat"}],"up":[{"embeddable":true,"href":"https:\/\/collection.galerie-gerdes.com\/fr\/wp-json\/wp\/v2\/product_cat\/1860"}],"wp:post_type":[{"href":"https:\/\/collection.galerie-gerdes.com\/fr\/wp-json\/wp\/v2\/product?product_cat=4124"}],"curies":[{"name":"wp","href":"https:\/\/api.w.org\/{rel}","templated":true}]}}