{"id":4197,"count":0,"description":"Alois Arnegger a termin\u00e9 ses \u00e9tudes d'art \u00e0 la c\u00e9l\u00e8bre Acad\u00e9mie des beaux-arts de Vienne sous la direction de professeurs renomm\u00e9s tels que Robert Russ et August Eisenmenger. Ses remarquables qualit\u00e9s de peintre paysagiste lui ont rapidement valu d'\u00eatre reconnu sur la sc\u00e8ne artistique. Au d\u00e9but de sa carri\u00e8re, il se consacre en particulier \u00e0 la repr\u00e9sentation de paysages autrichiens, notamment les majestueuses Alpes et le pittoresque village viticole de Senftenberg, o\u00f9 il aimait passer ses vacances d'\u00e9t\u00e9. L'idyllique Hinterbr\u00fchl, o\u00f9 sont n\u00e9s quatre de ses six enfants - Gottfried (1908), Maria (1909), Auguste (1912) et Ernest (1917) - a \u00e9galement \u00e9t\u00e9 une source d'inspiration pour lui.\n\nApr\u00e8s de longs voyages d'\u00e9tudes en Italie dans les ann\u00e9es 1920, Arnegger s'int\u00e9resse de plus en plus aux paysages c\u00f4tiers m\u00e9diterran\u00e9ens. Ses \u0153uvres t\u00e9moignent de sa fascination pour des lieux tels que Naples, Capri et San Remo, qu'il a su capter par un coup de pinceau magistral et un sens de l'atmosph\u00e8re.\n\nDans la tradition de certains autres peintres paysagistes de son \u00e9poque, Arnegger s'est efforc\u00e9 d'apaiser une soci\u00e9t\u00e9 marqu\u00e9e par l'industrialisation et les guerres. Il a tent\u00e9 de raviver leur d\u00e9sir d'une nature et d'un monde intacts, souvent sous la forme de ce que l'on appelle le \u00ab romantisme alpin \u00bb. C'est ainsi qu'il est parvenu \u00e0 une renomm\u00e9e consid\u00e9rable.\n\nAlois Arnegger est d\u00e9c\u00e9d\u00e9 \u00e0 Vienne en 1963 \u00e0 l'\u00e2ge de 84 ans. Son fils, Gottfried Arnegger (1908-1943), a lui aussi suivi la voie artistique familiale et s'est fait un nom en tant que peintre.","link":"https:\/\/collection.galerie-gerdes.com\/fr\/c\/artiste\/alois-arnegger-fr\/","name":"Alois ARNEGGER","slug":"alois-arnegger-fr","taxonomy":"product_cat","parent":1860,"meta":[],"_links":{"self":[{"href":"https:\/\/collection.galerie-gerdes.com\/fr\/wp-json\/wp\/v2\/product_cat\/4197","targetHints":{"allow":["GET"]}}],"collection":[{"href":"https:\/\/collection.galerie-gerdes.com\/fr\/wp-json\/wp\/v2\/product_cat"}],"about":[{"href":"https:\/\/collection.galerie-gerdes.com\/fr\/wp-json\/wp\/v2\/taxonomies\/product_cat"}],"up":[{"embeddable":true,"href":"https:\/\/collection.galerie-gerdes.com\/fr\/wp-json\/wp\/v2\/product_cat\/1860"}],"wp:post_type":[{"href":"https:\/\/collection.galerie-gerdes.com\/fr\/wp-json\/wp\/v2\/product?product_cat=4197"}],"curies":[{"name":"wp","href":"https:\/\/api.w.org\/{rel}","templated":true}]}}