{"id":6728,"count":0,"description":"Hans von Aachen (1552 - 4 mars 1615), \u00e9galement connu sous le nom de Johann von Aachen ou Jan van Achen, est un peintre allemand de renom qui a connu une carri\u00e8re internationale en tant qu'artiste itin\u00e9rant et peintre de cour.\n\nN\u00e9 \u00e0 Cologne le 1er novembre 1913, Hans von Aachen a rapidement d\u00e9m\u00e9nag\u00e9 dans diff\u00e9rentes r\u00e9gions, notamment en Italie, en Bavi\u00e8re et enfin \u00e0 Prague, o\u00f9 il a pass\u00e9 la majeure partie de sa vie et de son travail. Son r\u00e9pertoire comprend un large \u00e9ventail d'\u0153uvres, dont de nombreux portraits ainsi que des peintures all\u00e9goriques, mythologiques et religieuses, compl\u00e9t\u00e9es par un grand nombre de gravures et de dessins.\n\nSelon les archives du peintre et \u00e9crivain Karel van Mander, Hans von Aachen a fait preuve d\u00e8s son plus jeune \u00e2ge d'un talent exceptionnel pour le dessin. Sa formation commence \u00e0 Cologne, sa ville natale, aupr\u00e8s d'un peintre inconnu originaire d'Anvers, o\u00f9 il se familiarise avec les traditions de la peinture flamande.\n\nD\u00e8s 1574, von Aachen quitte sa ville natale pour l'Italie. Il y trouve d'abord un emploi \u00e0 Venise et s'int\u00e8gre \u00e0 la communaut\u00e9 des artistes et des marchands d'Europe du Nord. Il s'installe ensuite \u00e0 Rome, o\u00f9 il perfectionne ses comp\u00e9tences artistiques et d\u00e9veloppe son propre style, tout en c\u00f4toyant d'autres artistes tels que Bartholomew Spranger et Hans Speckaert. Bien que nombre de ses \u0153uvres de cette p\u00e9riode aient \u00e9t\u00e9 perdues, des dessins subsistants t\u00e9moignent de son travail.\n\nEn Italie, von Aachen \u00e9tablit un vaste r\u00e9seau de contacts avec d'autres artistes, des marchands et des clients. Sa r\u00e9putation grandit et il re\u00e7oit d'importantes commandes, dont un engagement \u00e0 la cour du grand-duc de Toscane Francesco I de' Medici en 1585. Cette p\u00e9riode a fa\u00e7onn\u00e9 son style artistique, qui pr\u00e9sente un m\u00e9lange d'influences du nord et du sud de l'Europe.\n\nVers 1588, Hans quitte Aix-la-Chapelle pour l'Allemagne et s'installe \u00e0 Munich, o\u00f9 il travaille pour la famille du duc Wilhelm V de Bavi\u00e8re. Il s'installe ensuite \u00e0 Prague, o\u00f9 il est nomm\u00e9 peintre de chambre par l'empereur Rodolphe II en 1592. Cette nomination lui apporte non seulement une reconnaissance artistique, mais aussi une promotion sociale.\n\n\u00c0 Prague, Hans von Aachen atteint l'apog\u00e9e de sa carri\u00e8re. Il cr\u00e9e un grand nombre d'\u0153uvres, notamment des portraits, des peintures religieuses et des sujets all\u00e9goriques et mythologiques, qui sont principalement destin\u00e9es aux collections imp\u00e9riales. Ses \u0153uvres se caract\u00e9risent par la richesse des d\u00e9tails et des couleurs pastel et sont peintes sur divers mat\u00e9riaux tels que le bois, la toile, le cuivre, l'alb\u00e2tre et le marbre.\n\nApr\u00e8s la mort de l'empereur Rodolphe II en 1612, von Aachen poursuit son travail \u00e0 la cour de son fr\u00e8re et successeur Matthias. Il meurt \u00e0 Prague le 4 mars 1615, laissant derri\u00e8re lui un important h\u00e9ritage artistique.\n\nAu XIXe si\u00e8cle, l'\u0153uvre de Hans von Aachen a souvent \u00e9t\u00e9 remise en question et attribu\u00e9e \u00e0 d'autres artistes. Ce n'est que r\u00e9cemment que son \u0153uvre a \u00e9t\u00e9 reconnue \u00e0 sa juste valeur, notamment gr\u00e2ce \u00e0 des expositions telles que \u00ab Prague vers 1600 - L'art \u00e0 la cour de Rodolphe II \u00bb et \u00ab Rodolphe II et Prague - La cour et la ville \u00bb, qui ont pr\u00e9sent\u00e9 son \u0153uvre dans le contexte de la culture de la cour de Rodolphe.\n\nEn 2010\/11, la premi\u00e8re exposition compl\u00e8te de l'\u0153uvre de Hans von Aachen en Europe a \u00e9t\u00e9 organis\u00e9e, ce qui a permis de jeter un nouveau regard sur son \u0153uvre.","link":"https:\/\/collection.galerie-gerdes.com\/fr\/c\/artiste\/hans-von-aachen-fr\/","name":"Hans von Aachen","slug":"hans-von-aachen-fr","taxonomy":"product_cat","parent":1860,"meta":[],"_links":{"self":[{"href":"https:\/\/collection.galerie-gerdes.com\/fr\/wp-json\/wp\/v2\/product_cat\/6728","targetHints":{"allow":["GET"]}}],"collection":[{"href":"https:\/\/collection.galerie-gerdes.com\/fr\/wp-json\/wp\/v2\/product_cat"}],"about":[{"href":"https:\/\/collection.galerie-gerdes.com\/fr\/wp-json\/wp\/v2\/taxonomies\/product_cat"}],"up":[{"embeddable":true,"href":"https:\/\/collection.galerie-gerdes.com\/fr\/wp-json\/wp\/v2\/product_cat\/1860"}],"wp:post_type":[{"href":"https:\/\/collection.galerie-gerdes.com\/fr\/wp-json\/wp\/v2\/product?product_cat=6728"}],"curies":[{"name":"wp","href":"https:\/\/api.w.org\/{rel}","templated":true}]}}