{"id":7657,"count":0,"description":"Otto Hamel, \u00e0 l'origine Otto August Maximilian Hammel, est un peintre allemand de renom, n\u00e9 \u00e0 Erfurt le 6 mars 1866 et mort \u00e0 Lohr am Main le 23 juillet 1950. Sa carri\u00e8re artistique s'est caract\u00e9ris\u00e9e par un d\u00e9veloppement impressionnant.\n\nFils d'un peintre d\u00e9corateur d'Erfurt, Hamel s'int\u00e9resse tr\u00e8s t\u00f4t \u00e0 la peinture. Apr\u00e8s ses \u00e9tudes scolaires, il commence sa formation artistique \u00e0 l'\u00c9cole royale d'art d'Erfurt, o\u00f9 il \u00e9tudie avec des artistes renomm\u00e9s tels que le peintre d'histoire Eduard von Hagen et Emanuel Semper. Sa passion et son talent pour la peinture le conduisent \u00e0 Berlin, o\u00f9 il poursuit ses \u00e9tudes avec Max Koch et Franz Skarbina gr\u00e2ce \u00e0 une bourse de la ville d'Erfurt.\n\nEn 1888, Otto Hamel re\u00e7oit une bourse d'\u00c9tat qui lui permet d'\u00e9tudier en Italie. Un an plus tard, il ouvre son premier atelier \u00e0 Berlin et poursuit son d\u00e9veloppement artistique. Ses voyages et ses s\u00e9jours d'\u00e9tudes le conduisent finalement \u00e0 Paris, o\u00f9 il entre en contact avec l'impressionnisme, qui exerce une influence consid\u00e9rable sur son art. \u00c0 son retour en 1890, il est nomm\u00e9 professeur de peinture d\u00e9corative \u00e0 la c\u00e9l\u00e8bre \u00c9cole des arts et m\u00e9tiers de Hanovre.\n\nPendant la p\u00e9riode sombre du national-socialisme, Otto Hamel est membre de la Chambre des beaux-arts du Reich. \u00c0 cette \u00e9poque, il participe aux grandes expositions d'art allemand \u00e0 Munich avec un total de 13 de ses \u0153uvres, \u00e0 l'exception de l'ann\u00e9e 1942. Ses \u0153uvres attirent l'attention et sont acquises par des personnalit\u00e9s importantes telles qu'Adolf Hitler et les principaux fonctionnaires nazis Hermann Esser, Rudolf Hess et Joachim von Ribbentrop.\n\n\u00c0 l'occasion de son 75e anniversaire, une exposition sp\u00e9ciale a \u00e9t\u00e9 organis\u00e9e pour rendre hommage \u00e0 ses \u0153uvres importantes. Cette exposition a \u00e9t\u00e9 organis\u00e9e par la c\u00e9l\u00e8bre Galerie H. Menges \u00e0 Hanovre, accompagn\u00e9e d'une publication informative qui documente de mani\u00e8re impressionnante son h\u00e9ritage artistique.","link":"https:\/\/collection.galerie-gerdes.com\/fr\/c\/artiste\/otto-hamel-fr\/","name":"Otto Hamel","slug":"otto-hamel-fr","taxonomy":"product_cat","parent":1860,"meta":[],"_links":{"self":[{"href":"https:\/\/collection.galerie-gerdes.com\/fr\/wp-json\/wp\/v2\/product_cat\/7657","targetHints":{"allow":["GET"]}}],"collection":[{"href":"https:\/\/collection.galerie-gerdes.com\/fr\/wp-json\/wp\/v2\/product_cat"}],"about":[{"href":"https:\/\/collection.galerie-gerdes.com\/fr\/wp-json\/wp\/v2\/taxonomies\/product_cat"}],"up":[{"embeddable":true,"href":"https:\/\/collection.galerie-gerdes.com\/fr\/wp-json\/wp\/v2\/product_cat\/1860"}],"wp:post_type":[{"href":"https:\/\/collection.galerie-gerdes.com\/fr\/wp-json\/wp\/v2\/product?product_cat=7657"}],"curies":[{"name":"wp","href":"https:\/\/api.w.org\/{rel}","templated":true}]}}