{"id":1645,"count":0,"description":"Ferdinand G\u00f6tz 1874-ben sz\u00fcletett F\u00fcrthben \u00e9s 1941-ben halt meg P\u00e1rizsban. Zsid\u00f3 volt, \u00e9s hivat\u00e1sszer\u0171en az \u00e9p\u00edt\u00e9szetnek \u00e9s a fest\u00e9szetnek szentelte mag\u00e1t.\n\nG\u00f6tz 1895-ben M\u00fcnchenbe k\u00f6lt\u00f6z\u00f6tt, \u00e9s a M\u00fcncheni M\u0171v\u00e9szeti Akad\u00e9mi\u00e1n kezdte meg tanulm\u00e1nyait, ahol t\u00f6bbek k\u00f6z\u00f6tt Carl von Marr n\u00e9met-amerikai m\u0171v\u00e9szt\u0151l, egyetemi tan\u00e1rt\u00f3l \u00e9s k\u00e9s\u0151bbi rektort\u00f3l tanult. G\u00f6tz rendk\u00edv\u00fcl sokoldal\u00fa m\u0171v\u00e9sznek bizonyult. Dekor\u00e1ci\u00f3kat, designb\u00fatorokat \u00e9s sz\u00ednh\u00e1zi d\u00edszleteket k\u00e9sz\u00edtett. 1900-t\u00f3l illusztr\u00e1tork\u00e9nt dolgozott a \u201eJugend\u201d c\u00edm\u0171 n\u00e9met foly\u00f3iratnak, amely a k\u00e9s\u0151bbi \u201eJugendstil\u201d mozgalomnak adta a nev\u00e9t.\n\n1899 \u00e9s 1928 k\u00f6r\u00fcl k\u00f6z\u00f6tt a \u201eMeggendorfer Bl\u00e4tter\u201d \u00e9s a \u201eFliegende Bl\u00e4tter\u201d c\u00edm\u0171 szatirikus magazin rendszeres illusztr\u00e1tora volt, ahol rajzol\u00f3k\u00e9nt \u00e9s karikaturistak\u00e9nt dolgozott. K\u00fcl\u00f6n\u00f6sen a \u201eFliegende Bl\u00e4tter\u201d sz\u00e1m\u00e1ra k\u00e9sz\u00edtett mintegy 80 rajzot 1930 \u00e9s 1935 k\u00f6z\u00f6tt.\n\nFigyelemre m\u00e9lt\u00f3 projekt volt a m\u00fcncheni Grand Hotel Continental luxussz\u00e1lloda 1910-es b\u0151v\u00edt\u00e9s\u00e9ben val\u00f3 r\u00e9szv\u00e9tele. Ludwig Hohlweinnel egy\u00fctt G\u00f6tz volt felel\u0151s a negyedik emelet hozz\u00e1ad\u00e1s\u00e1\u00e9rt \u00e9s az \u00faj, 18 vend\u00e9gszob\u00e1t tartalmaz\u00f3 negyedik emelet bels\u0151 kialak\u00edt\u00e1s\u00e1\u00e9rt.\n\n\u00c9lete dr\u00e1mai m\u00f3don megv\u00e1ltozott a nemzetiszocializmus t\u00e9rnyer\u00e9s\u00e9vel. Zsid\u00f3k\u00e9nt megtagadt\u00e1k t\u0151le a Reichskammer der Bildenden K\u00fcnste tags\u00e1g\u00e1t, ami miatt 1936-t\u00f3l k\u00fclf\u00f6ld\u00f6n kellett \u00e9lnie. V\u00e9g\u00fcl P\u00e1rizsban telepedett le, ahol 1941-ben halt meg, feltehet\u0151en \u00f6ngyilkoss\u00e1g k\u00f6vetkezt\u00e9ben.","link":"https:\/\/collection.galerie-gerdes.com\/hu\/c\/muveszek\/ferdinand-gotz-hu\/","name":"Ferdinand G\u00f6tz","slug":"ferdinand-gotz-hu","taxonomy":"product_cat","parent":1861,"meta":[],"_links":{"self":[{"href":"https:\/\/collection.galerie-gerdes.com\/hu\/wp-json\/wp\/v2\/product_cat\/1645","targetHints":{"allow":["GET"]}}],"collection":[{"href":"https:\/\/collection.galerie-gerdes.com\/hu\/wp-json\/wp\/v2\/product_cat"}],"about":[{"href":"https:\/\/collection.galerie-gerdes.com\/hu\/wp-json\/wp\/v2\/taxonomies\/product_cat"}],"up":[{"embeddable":true,"href":"https:\/\/collection.galerie-gerdes.com\/hu\/wp-json\/wp\/v2\/product_cat\/1861"}],"wp:post_type":[{"href":"https:\/\/collection.galerie-gerdes.com\/hu\/wp-json\/wp\/v2\/product?product_cat=1645"}],"curies":[{"name":"wp","href":"https:\/\/api.w.org\/{rel}","templated":true}]}}