{"id":1969,"count":0,"description":"Adam Brenner 1800. december 21-\u00e9n sz\u00fcletett B\u00e9csben, \u00e9s ugyanebben a v\u00e1rosban halt meg 1891. \u00e1prilis 22-\u00e9n. Megbecs\u00fclt osztr\u00e1k fest\u0151 volt, 1869-ben csatlakozott a b\u00e9csi K\u00fcnstlerhaushoz. A b\u00e9csi K\u00e9pz\u0151m\u0171v\u00e9szeti Akad\u00e9mi\u00e1n L. Kupelwieser \u00e9s G. F. Waldm\u00fcller ir\u00e1ny\u00edt\u00e1s\u00e1val k\u00e9pezte mag\u00e1t. Kezdetben t\u00f6rt\u00e9nelmi jelenetek fest\u00e9s\u00e9re specializ\u00e1l\u00f3dott, k\u00e9s\u0151bb egyre ink\u00e1bb a portr\u00e9k, csend\u00e9letek \u00e9s zs\u00e1nerjelenetek fel\u00e9 fordult.","link":"https:\/\/collection.galerie-gerdes.com\/hu\/c\/muveszek\/adam-brenner-hu-2\/","name":"Adam BRENNER","slug":"adam-brenner-hu-2","taxonomy":"product_cat","parent":1861,"meta":[],"_links":{"self":[{"href":"https:\/\/collection.galerie-gerdes.com\/hu\/wp-json\/wp\/v2\/product_cat\/1969","targetHints":{"allow":["GET"]}}],"collection":[{"href":"https:\/\/collection.galerie-gerdes.com\/hu\/wp-json\/wp\/v2\/product_cat"}],"about":[{"href":"https:\/\/collection.galerie-gerdes.com\/hu\/wp-json\/wp\/v2\/taxonomies\/product_cat"}],"up":[{"embeddable":true,"href":"https:\/\/collection.galerie-gerdes.com\/hu\/wp-json\/wp\/v2\/product_cat\/1861"}],"wp:post_type":[{"href":"https:\/\/collection.galerie-gerdes.com\/hu\/wp-json\/wp\/v2\/product?product_cat=1969"}],"curies":[{"name":"wp","href":"https:\/\/api.w.org\/{rel}","templated":true}]}}