{"id":3559,"count":0,"description":"Percy Parlo 1890-ben sz\u00fcletett a pomer\u00e1niai Petznickben, \u00e9s jelent\u0151s n\u00e9met impresszionista volt, aki m\u0171v\u00e9szi \u00e9rz\u00e9kenys\u00e9g\u00e9r\u0151l \u00e9s egyedi st\u00edlus\u00e1r\u00f3l v\u00e1lt ismertt\u00e9. Kor\u00e1n \u00e9rdekl\u0151d\u00f6tt a fest\u00e9szet ir\u00e1nt, \u00e9s a tekint\u00e9lyes p\u00e1rizsi akad\u00e9mi\u00e1n k\u00e9pezte mag\u00e1t, ahol olyan neves m\u0171v\u00e9szek voltak r\u00e1 hat\u00e1ssal, mint Lucien Simon.\n\nDr. jur. Werner Karl Klamann n\u00e9met jog\u00e1sz \u00e9s autodidakta fest\u0151m\u0171v\u00e9sz Percy Parlo vagy \u201ePer Parlo\u201d \u00e1ln\u00e9ven alkotta meg m\u0171v\u00e9szi identit\u00e1s\u00e1t. Fest\u00e9szet\u00e9t a f\u00e9ny \u00e9s a sz\u00ednek intenz\u00edv felt\u00e1r\u00e1sa jellemezte, ami a korabeli impresszionist\u00e1kra volt jellemz\u0151.\n\nParlo kiterjedt tanulm\u00e1nyutakat tett, k\u00fcl\u00f6n\u00f6sen Olaszorsz\u00e1gban, ahol m\u00e9ly inspir\u00e1ci\u00f3t tal\u00e1lt. De m\u00e1s orsz\u00e1gok \u00e9s kult\u00far\u00e1k is m\u00e9lyen leny\u0171g\u00f6zt\u00e9k. Utaz\u00e1sai sor\u00e1n eljutott \u00c9szak-Afrik\u00e1ba, Franciaorsz\u00e1gba, Spanyolorsz\u00e1gba, Sv\u00e1jcba, Braz\u00edli\u00e1ba, Indi\u00e1ba \u00e9s Bajororsz\u00e1gba, ahol meg\u00f6r\u00f6k\u00edtette a t\u00e1jak \u00e9s \u00e9letm\u00f3dok soksz\u00edn\u0171s\u00e9g\u00e9t.\n\nA m\u00e1sodik vil\u00e1gh\u00e1bor\u00fa ut\u00e1n Parlo teljes eg\u00e9sz\u00e9ben a m\u0171v\u00e9szetnek szentelte mag\u00e1t, \u00e9s kiemelked\u0151 szerepet t\u00f6lt\u00f6tt be a n\u00e9met m\u0171v\u00e9szeti \u00e9letben. M\u0171vei a term\u00e9szettel val\u00f3 m\u00e9ly kapcsolatr\u00f3l \u00e9s az emberi l\u00e9t \u00e9les megfigyel\u0151k\u00e9pess\u00e9g\u00e9r\u0151l tan\u00faskodnak. Fest\u00e9szet\u00e9t a val\u00f3s\u00e1g \u00e9s az \u00e9rzelmek harmonikus \u00f6tv\u00f6z\u00e9se jellemzi, amely mag\u00e1val ragadja a n\u00e9z\u0151t.\n\nPercy Parlo, alias \u201ePer Parlo\u201d, kiterjedt m\u0171v\u00e9szi hagyat\u00e9kot hagyott h\u00e1tra, amely utaz\u00e1sainak, tal\u00e1lkoz\u00e1sainak \u00e9s bels\u0151 vil\u00e1g\u00e1nak t\u00fckre.","link":"https:\/\/collection.galerie-gerdes.com\/hu\/c\/muveszek\/percy-parlo-hu\/","name":"Percy Parlo","slug":"percy-parlo-hu","taxonomy":"product_cat","parent":1861,"meta":[],"_links":{"self":[{"href":"https:\/\/collection.galerie-gerdes.com\/hu\/wp-json\/wp\/v2\/product_cat\/3559","targetHints":{"allow":["GET"]}}],"collection":[{"href":"https:\/\/collection.galerie-gerdes.com\/hu\/wp-json\/wp\/v2\/product_cat"}],"about":[{"href":"https:\/\/collection.galerie-gerdes.com\/hu\/wp-json\/wp\/v2\/taxonomies\/product_cat"}],"up":[{"embeddable":true,"href":"https:\/\/collection.galerie-gerdes.com\/hu\/wp-json\/wp\/v2\/product_cat\/1861"}],"wp:post_type":[{"href":"https:\/\/collection.galerie-gerdes.com\/hu\/wp-json\/wp\/v2\/product?product_cat=3559"}],"curies":[{"name":"wp","href":"https:\/\/api.w.org\/{rel}","templated":true}]}}