{"id":3910,"count":0,"description":"J\u00e1n Mudroch (Szenice, 1909. m\u00e1rcius 28. - Pozsony, 1968. febru\u00e1r 4.) szlov\u00e1k fest\u0151m\u0171v\u00e9sz \u00e9s tan\u00e1r. A szlov\u00e1k modernizmus egyik legjelent\u0151sebb m\u0171v\u00e9sze.\n\n1931 \u00e9s 1937 k\u00f6z\u00f6tt a pr\u00e1gai K\u00e9pz\u0151m\u0171v\u00e9szeti Akad\u00e9mi\u00e1n tanult. Ott di\u00e1kk\u00e9nt tal\u00e1lkozott az 1909-es gener\u00e1ci\u00f3 legjelent\u0151sebb k\u00e9pvisel\u0151ivel. 1937-ben visszat\u00e9rt Szlov\u00e1ki\u00e1ba. A K\u00e9pz\u0151- \u00e9s Iparm\u0171v\u00e9szeti Iskol\u00e1ban tan\u00edtott. Egyike volt azoknak a szlov\u00e1k m\u0171v\u00e9szeknek, akik reag\u00e1ltak a spanyol polg\u00e1rh\u00e1bor\u00fa borzalmaira. 1939-t\u0151l a pozsonyi Szlov\u00e1k M\u0171szaki Egyetem rajz tansz\u00e9k\u00e9nek oktat\u00f3ja volt. 1941-ben azonban antifasiszta n\u00e9zetei miatt abbahagyta a tan\u00edt\u00e1st, \u00e9s kiz\u00e1rt\u00e1k a Szlov\u00e1k K\u00e9pz\u0151m\u0171v\u00e9szek Sz\u00f6vets\u00e9g\u00e9b\u0151l. A m\u00e1sodik vil\u00e1gh\u00e1bor\u00fa alatt gyakran \u00e9rte m\u0171v\u00e9szi \u00e9s emberi kritika sz\u00f3kimond\u00f3 h\u00e1bor\u00faellenes n\u00e9zetei miatt. 1946-ban az SV\u0160T rajz- \u00e9s fest\u00e9szeti tansz\u00e9k\u00e9nek, majd a Szlov\u00e1k Egyetem pedag\u00f3giai kar\u00e1nak professzor\u00e1v\u00e1 nevezt\u00e9k ki. 1950-ben kinevezt\u00e9k az \u00fajonnan alap\u00edtott pozsonyi K\u00e9pz\u0151m\u0171v\u00e9szeti Akad\u00e9mia rektor\u00e1v\u00e1. R\u00e9szt vett a Szlov\u00e1k Nemzeti Gal\u00e9ria l\u00e9trehoz\u00e1s\u00e1ban is.\n\nR\u00e9szt vett szakmai foly\u00f3iratok \u00e9s sz\u00fcrrealista antol\u00f3gi\u00e1k (\u00c1lom \u00e9s val\u00f3s\u00e1g) l\u00e9trehoz\u00e1s\u00e1ban. T\u00f6bbnyire olajjal festett v\u00e1szonra. F\u0151leg figur\u00e1lis fest\u00e9szetre \u00e9s csend\u00e9letekre koncentr\u00e1lt, metafor\u00e1kat \u00e9s szimb\u00f3lumokat haszn\u00e1lt. A h\u00e1bor\u00fa el\u0151tt szoci\u00e1lisan elk\u00f6telezett \u00e9s komor k\u00e9peket (A meggyilkolt k\u00f6lt\u0151, Katasztr\u00f3fa) \u00e9s vid\u00e9ki t\u00e9m\u00e1kat (A teh\u00e9n) festett. F\u0151m\u0171vei a m\u00e1sodik vil\u00e1gh\u00e1bor\u00fa idej\u00e9b\u0151l sz\u00e1rmaznak (Szerencs\u00e9tlens\u00e9g). A h\u00e1bor\u00fa ut\u00e1n a k\u00f6lt\u0151i realizmus st\u00edlusa jellemezte (Anya gyermekkel a h\u00e1t\u00e1n, Anyas\u00e1g, Fekv\u0151 l\u00e1ny).\n\n1963-ban megkapta az \u00c9rdemes M\u0171v\u00e9sz c\u00edmet, 1968-ban pedig a Nemzet M\u0171v\u00e9sze lett.","link":"https:\/\/collection.galerie-gerdes.com\/hu\/c\/muveszek\/jan-mudroch-hu\/","name":"J\u00e1n MUDROCH","slug":"jan-mudroch-hu","taxonomy":"product_cat","parent":1861,"meta":[],"_links":{"self":[{"href":"https:\/\/collection.galerie-gerdes.com\/hu\/wp-json\/wp\/v2\/product_cat\/3910","targetHints":{"allow":["GET"]}}],"collection":[{"href":"https:\/\/collection.galerie-gerdes.com\/hu\/wp-json\/wp\/v2\/product_cat"}],"about":[{"href":"https:\/\/collection.galerie-gerdes.com\/hu\/wp-json\/wp\/v2\/taxonomies\/product_cat"}],"up":[{"embeddable":true,"href":"https:\/\/collection.galerie-gerdes.com\/hu\/wp-json\/wp\/v2\/product_cat\/1861"}],"wp:post_type":[{"href":"https:\/\/collection.galerie-gerdes.com\/hu\/wp-json\/wp\/v2\/product?product_cat=3910"}],"curies":[{"name":"wp","href":"https:\/\/api.w.org\/{rel}","templated":true}]}}