{"id":4198,"count":0,"description":"Alois Arnegger m\u0171v\u00e9szeti tanulm\u00e1nyait a h\u00edres b\u00e9csi K\u00e9pz\u0151m\u0171v\u00e9szeti Akad\u00e9mi\u00e1n v\u00e9gezte olyan neves tan\u00e1rok ir\u00e1ny\u00edt\u00e1s\u00e1val, mint Robert Russ \u00e9s August Eisenmenger. Kiv\u00e1l\u00f3 t\u00e1jk\u00e9pfest\u0151i k\u00e9pess\u00e9gei hamar elismer\u00e9st v\u00e1ltottak ki bel\u0151le a m\u0171v\u00e9szeti \u00e9letben. P\u00e1lyafut\u00e1sa els\u0151 \u00e9veiben k\u00fcl\u00f6n\u00f6sen az osztr\u00e1k t\u00e1jk\u00e9pek \u00e1br\u00e1zol\u00e1s\u00e1nak szentelte mag\u00e1t, bele\u00e9rtve a fens\u00e9ges Alpokat \u00e9s a fest\u0151i bortermel\u0151 falut, Senftenberget, ahol sz\u00edvesen t\u00f6lt\u00f6tte ny\u00e1ri vak\u00e1ci\u00f3it. Az idilli Hinterbr\u00fchl, hat gyermeke k\u00f6z\u00fcl n\u00e9gynek - Gottfried (1908), Maria (1909), Auguste (1912) \u00e9s Ernest (1917) - sz\u00fcl\u0151helye szint\u00e9n ihletforr\u00e1sk\u00e9nt szolg\u00e1lt sz\u00e1m\u00e1ra.\n\nAz 1920-as \u00e9vekben tett kiterjedt olaszorsz\u00e1gi tanulm\u00e1nyutakat k\u00f6vet\u0151en Arnegger alkot\u00f3i \u00e9rdekl\u0151d\u00e9se egyre ink\u00e1bb a mediterr\u00e1n tengerparti t\u00e1jakra ir\u00e1nyult. M\u0171vei olyan helyek ir\u00e1nti rajong\u00e1s\u00e1r\u00f3l tan\u00faskodnak, mint N\u00e1poly, Capri \u00e9s San Remo, amelyeket mesteri ecsetvon\u00e1sokkal \u00e9s hangulat\u00e9rz\u00e9kkel \u00f6r\u00f6k\u00edtett meg.\n\nKor\u00e1nak n\u00e9h\u00e1ny m\u00e1s t\u00e1jk\u00e9pfest\u0151j\u00e9hez hasonl\u00f3an Arnegger arra t\u00f6rekedett, hogy megnyugtassa az iparosod\u00e1s \u00e9s a h\u00e1bor\u00fak s\u00fajtotta t\u00e1rsadalmat. Megpr\u00f3b\u00e1lta fel\u00e9leszteni az \u00e9rintetlen term\u00e9szet \u00e9s az \u00e9rintetlen vil\u00e1g ir\u00e1nti v\u00e1gyakoz\u00e1sukat, gyakran az \u00fagynevezett \u201ealpesi romantika\u201d form\u00e1j\u00e1ban. E t\u00f6rekv\u00e9se r\u00e9v\u00e9n v\u00e9g\u00fcl jelent\u0151s h\u00edrn\u00e9vre tett szert.\n\nAlois Arnegger 1963-ban, 84 \u00e9ves kor\u00e1ban halt meg B\u00e9csben. Fia, Gottfried Arnegger (1908-1943) szint\u00e9n k\u00f6vette a csal\u00e1d m\u0171v\u00e9szi \u00fatj\u00e1t, \u00e9s fest\u0151k\u00e9nt is nevet szerzett mag\u00e1nak.","link":"https:\/\/collection.galerie-gerdes.com\/hu\/c\/muveszek\/alois-arnegger-hu\/","name":"Alois ARNEGGER","slug":"alois-arnegger-hu","taxonomy":"product_cat","parent":1861,"meta":[],"_links":{"self":[{"href":"https:\/\/collection.galerie-gerdes.com\/hu\/wp-json\/wp\/v2\/product_cat\/4198","targetHints":{"allow":["GET"]}}],"collection":[{"href":"https:\/\/collection.galerie-gerdes.com\/hu\/wp-json\/wp\/v2\/product_cat"}],"about":[{"href":"https:\/\/collection.galerie-gerdes.com\/hu\/wp-json\/wp\/v2\/taxonomies\/product_cat"}],"up":[{"embeddable":true,"href":"https:\/\/collection.galerie-gerdes.com\/hu\/wp-json\/wp\/v2\/product_cat\/1861"}],"wp:post_type":[{"href":"https:\/\/collection.galerie-gerdes.com\/hu\/wp-json\/wp\/v2\/product?product_cat=4198"}],"curies":[{"name":"wp","href":"https:\/\/api.w.org\/{rel}","templated":true}]}}