{"id":4371,"count":0,"description":"Josef Muka\u0159ovsk\u00fd (1851. \u00e1prilis 6., Mainz - 1921. november 1., Klatovy) cseh fest\u0151 \u00e9s illusztr\u00e1tor.\n\nN\u00e9metorsz\u00e1gban sz\u00fcletett, egy ott \u00e1llom\u00e1soz\u00f3 katonatiszt fiak\u00e9nt. A csal\u00e1d nyolc\u00e9ves kor\u00e1ban t\u00e9rt vissza Pr\u00e1g\u00e1ba. Ott \u00e9s B\u00e9csben j\u00e1rt iskol\u00e1ba, \u00e9s tanulm\u00e1nyait egy fest\u00e9szeti akad\u00e9mi\u00e1n fejezte be, val\u00f3sz\u00edn\u0171leg az eml\u00edtett v\u00e1rosok egyik\u00e9ben. 1870 ut\u00e1n k\u00fcl\u00f6nb\u00f6z\u0151 foly\u00f3iratokhoz, k\u00fcl\u00f6n\u00f6sen a Sv\u011btozorhoz k\u00e9sz\u00edtett illusztr\u00e1ci\u00f3kat, \u00e9s tizenn\u00e9gy \u00e9v alatt t\u00f6bb mint 400 illusztr\u00e1ci\u00f3t publik\u00e1lt. Egy\u00e9b munk\u00e1i k\u00f6z\u00e9 tartozott a Thunovszky-palota l\u00e9pcs\u0151h\u00e1z\u00e1nak d\u00edsz\u00edt\u00e9se.\n\nAz 1880-as \u00e9vekben M\u00fcnchenbe l\u00e1togatott, ahol v\u00e9g\u00fcl letelepedett, csal\u00e1dot alap\u00edtott \u00e9s bekapcsol\u00f3dott a kultur\u00e1lis \u00e9letbe. Ott n\u00e9met foly\u00f3iratoknak illusztr\u00e1lt, \u00e9s sz\u00e1mos n\u00e9met \u00e9s cseh m\u0171v\u00e9szt l\u00e1tott vend\u00e9g\u00fcl, ez\u00e9rt kapta a \u201eMuki\u201d becenevet. Bar\u00e1tai k\u00f6z\u00e9 tartoztak Franti\u0161ek Hlavat\u00fd (1860-1917) \u00e9s Otto Peters fest\u0151k. \u0150 illusztr\u00e1lta Karl May \u201eA medvevad\u00e1sz fia\u201d c\u00edm\u0171 reg\u00e9ny\u00e9t is.\n\nNem sokkal az els\u0151 vil\u00e1gh\u00e1bor\u00fa el\u0151tt csal\u00e1di okok miatt visszat\u00e9rt sz\u00fcl\u0151f\u00f6ldj\u00e9re, \u00e9s h\u00e1zat v\u00e1s\u00e1rolt Doma\u017elice-ben. A h\u00e1bor\u00fa kit\u00f6r\u00e9s\u00e9ig tov\u00e1bbra is k\u00e9sz\u00edtett illusztr\u00e1ci\u00f3kat n\u00e9met kiadv\u00e1nyok sz\u00e1m\u00e1ra. A h\u00e1bor\u00fa ut\u00e1n a helyi lakoss\u00e1g portr\u00e9inak elk\u00e9sz\u00edt\u00e9s\u00e9re \u00f6sszpontos\u00edtott. Munk\u00e1it nem befoly\u00e1solt\u00e1k a modern ir\u00e1nyzatok, \u00edgy azok gyakorlatias jelleg\u0171ek maradtak. A helyi k\u00f3rh\u00e1zban halt meg, \u00e9s a v\u00e1rosi temet\u0151ben temett\u00e9k el. Vid\u00e1m, kellemes emberk\u00e9nt eml\u00e9keztek r\u00e1.","link":"https:\/\/collection.galerie-gerdes.com\/hu\/c\/muveszek\/josef-mukarowsky-hu\/","name":"Josef Mukarowsky","slug":"josef-mukarowsky-hu","taxonomy":"product_cat","parent":1861,"meta":[],"_links":{"self":[{"href":"https:\/\/collection.galerie-gerdes.com\/hu\/wp-json\/wp\/v2\/product_cat\/4371","targetHints":{"allow":["GET"]}}],"collection":[{"href":"https:\/\/collection.galerie-gerdes.com\/hu\/wp-json\/wp\/v2\/product_cat"}],"about":[{"href":"https:\/\/collection.galerie-gerdes.com\/hu\/wp-json\/wp\/v2\/taxonomies\/product_cat"}],"up":[{"embeddable":true,"href":"https:\/\/collection.galerie-gerdes.com\/hu\/wp-json\/wp\/v2\/product_cat\/1861"}],"wp:post_type":[{"href":"https:\/\/collection.galerie-gerdes.com\/hu\/wp-json\/wp\/v2\/product?product_cat=4371"}],"curies":[{"name":"wp","href":"https:\/\/api.w.org\/{rel}","templated":true}]}}