{"id":4506,"count":0,"description":"Emanuel Salomon von Friedberg-M\u00edrohorsk\u00fd (1829. janu\u00e1r 18., Pr\u00e1ga - 1908. december 10., Pr\u00e1ga) cseh fest\u0151, illusztr\u00e1tor, m\u0171ford\u00edt\u00f3, \u00edr\u00f3 \u00e9s az osztr\u00e1k hadsereg tisztje. A vegetarianizmus \u00e9s az \u00f6nmegtart\u00f3ztat\u00e1s h\u00edve volt. \u201eM\u00edrohorsk\u00fd\u201d m\u0171v\u00e9szi \u00e1ln\u00e9v volt, amelynek jelent\u00e9se cseh\u00fcl a \u201eFriedberg\u201d (b\u00e9k\u00e9s hegy) sz\u00f3val azonos.\n\nA k\u00f6zismert Salomon von Friedberg csal\u00e1dba sz\u00fcletett. 1837-ben kezdett rajz\u00f3r\u00e1kat venni a helyi gimn\u00e1ziumban, Franti\u0161ek Tkadl\u00edk \u00e9s Anton\u00edn M\u00e1nes, a K\u00e9pz\u0151m\u0171v\u00e9szeti Akad\u00e9mia tan\u00e1rainak szervez\u00e9s\u00e9ben. 1840-ben a Ter\u00e9ziai Katonai Akad\u00e9mia hallgat\u00f3ja lett, ahol egyik tan\u00e1ra nagyb\u00e1tyja, Moric Fialka, tiszt \u00e9s \u00fajs\u00e1g\u00edr\u00f3 volt, aki nagy hat\u00e1ssal volt Emanuelre.\n\nTanulm\u00e1nyait 1847-ben fejezte be, majd visszat\u00e9rt Pr\u00e1g\u00e1ba, ahol a 28. gyalogezredhez csatlakozott. 1848-ban, a forradalmak kit\u00f6r\u00e9sekor ezred\u00e9vel Radetzky t\u00e1bornagy parancsnoks\u00e1ga alatt harcolt a custozzai csat\u00e1ban. R\u00e9szt vett a b\u00e9csi, majd a magyarorsz\u00e1gi forradalom lever\u00e9s\u00e9ben is. Az 1849. febru\u00e1r 27-i k\u00e1polnai csat\u00e1ban tan\u00fas\u00edtott b\u00e1tors\u00e1g\u00e1\u00e9rt a Katonai \u00c9rdemkeresztet kapta.\n\nA k\u00f6vetkez\u0151 \u00e9vekben a Vajdas\u00e1g, a Vajdas\u00e1g \u00e9s Magyarorsz\u00e1g katonai t\u00e9rk\u00e9pez\u00e9s\u00e9n dolgozott, \u00e9s gyorsan karriert csin\u00e1lt. Az 1866-os n\u00e9met h\u00e1bor\u00fa idej\u00e9n vez\u00e9rkari f\u0151n\u00f6kk\u00e9nt szolg\u00e1lt Veron\u00e1ban, \u00e9s t\u00e1rgyal\u00e1sokat folytatott Enrico Cialdini olasz t\u00e1bornokkal, akinek csapatai illeg\u00e1lisan l\u00e9pt\u00e9k \u00e1t a hat\u00e1rt. Ezut\u00e1n \u00e1thelyezt\u00e9k a zadari f\u0151hadisz\u00e1ll\u00e1sra.\n\n1873-ban vez\u00e9r\u0151rnaggy\u00e1, 1878-ban pedig t\u00e1bornagyhadnaggy\u00e1 l\u00e9ptett\u00e9k el\u0151. Katonai p\u00e1lyafut\u00e1sa alatt, amikor csak tehette, festett, \u00e9s cikkeket \u00edrt cseh \u00fajs\u00e1gokba.\n\n1883-ban vonult nyug\u00e1llom\u00e1nyba, miut\u00e1n Ferenc J\u00f3zsef cs\u00e1sz\u00e1rral egy d\u00edszvacsor\u00e1t adott, amelyen n\u00e9zetelt\u00e9r\u00e9s t\u00e1madt a cseh nacionalizmusr\u00f3l, b\u00e1r nem biztos, hogy ez volt az oka. Nyugd\u00edjba vonul\u00e1sa ut\u00e1n megkapta a Vaskorona-rendet, egy \u00e9vvel k\u00e9s\u0151bb pedig b\u00e1r\u00f3v\u00e1 avatt\u00e1k.\n\nPr\u00e1g\u00e1ban telepedett le, ahol k\u00fcl\u00f6nb\u00f6z\u0151 \u00e9rdekl\u0151d\u00e9si k\u00f6r\u00f6kkel, t\u00f6bbek k\u00f6z\u00f6tt fest\u00e9szettel \u00e9s \u00edr\u00e1ssal foglalkozott. M\u0171vei a legk\u00fcl\u00f6nb\u00f6z\u0151bb m\u0171fajokat \u00f6lelt\u00e9k fel, k\u00f6zt\u00fck a cs\u00e1sz\u00e1r megb\u00edz\u00e1s\u00e1b\u00f3l k\u00e9sz\u00fclt csatajeleneteket. Korai m\u0171vei f\u0151k\u00e9nt akvarellek voltak, mivel a terepen neh\u00e9z volt olajjal dolgozni. K\u00f6nyveket is illusztr\u00e1lt, \u00e9s val\u00f3sz\u00edn\u0171leg t\u00f6bb ezer rajzot k\u00e9sz\u00edtett magazinok sz\u00e1m\u00e1ra, amelyeket n\u00e9vtelen\u00fcl jelentetett meg, mivel kritikusan nyilatkoztak a korm\u00e1nyr\u00f3l. 1891-ben nagyszab\u00e1s\u00fa ki\u00e1ll\u00edt\u00e1sa volt az \u00c1ltal\u00e1nos F\u00f6ld- \u00e9s Jubileumi Ki\u00e1ll\u00edt\u00e1son. Festm\u00e9nyeinek nagy r\u00e9sz\u00e9t m\u00fazeumoknak, egyh\u00e1zaknak, bar\u00e1toknak \u00e9s egykori koll\u00e9g\u00e1inak aj\u00e1nd\u00e9kozta.\n\nSaj\u00e1t \u00edr\u00e1sai gyakran utalnak katonai szolg\u00e1lat\u00e1ra, t\u00f6bbek k\u00f6z\u00f6tt a \u201eV\u00e1le\u010dnictv\u00ed poln\u00ed a vojenstv\u00ed\u201d (A hadvisel\u00e9s t\u00f6rt\u00e9nete, r\u00e9szben Miroslav Tyr\u0161 \u00edr\u00e1sa). Emellett cikkeket \u00edrt Otto enciklop\u00e9di\u00e1j\u00e1hoz \u00e9s t\u00f6bb sz\u00edndarabot is \u00edrt. Legfontosabb, de kiadatlan m\u0171ve a \u201ePam\u011bti z m\u00e9ho \u017eit\u00ed\u201d c\u00edm\u0171 \u00f6n\u00e9letrajza.\n\nEmanuel nyelvileg nagyon tehets\u00e9ges volt, foly\u00e9konyan besz\u00e9lt cseh\u00fcl, n\u00e9met\u00fcl, franci\u00e1ul, olaszul \u00e9s angolul, valamint n\u00e9h\u00e1ny m\u00e1s szl\u00e1v nyelven. Sz\u00e1mos k\u00f6nyvet ford\u00edtott cseh nyelvre.\n\nA fest\u00e9szet \u00e9s az \u00edr\u00e1s mellett legnagyobb hobbija az eg\u00e9szs\u00e9ges \u00e9letm\u00f3d volt. Gyermekkor\u00e1t\u00f3l fogva antialkoholista volt, \u00e9s nem doh\u00e1nyzott. K\u00e1v\u00e9t sem ivott. 1851-t\u0151l \u00e9rdekl\u0151d\u00f6tt a hidroter\u00e1pia ir\u00e1nt, k\u00e9s\u0151bb veget\u00e1ri\u00e1nus lett. Nyugd\u00edjask\u00e9nt el\u0151ad\u00e1sokat tartott ebben a t\u00e9m\u00e1ban, 1893-ban pedig megalap\u00edtotta a \u201e\u010cesk\u00fd Kneipp\u201d, az eg\u00e9szs\u00e9ges \u00e9letm\u00f3dot t\u00e1mogat\u00f3 t\u00e1rsas\u00e1got.","link":"https:\/\/collection.galerie-gerdes.com\/hu\/c\/muveszek\/salomon-emanuel-mirohorsky-hu\/","name":"Salomon Emanuel MIROHORSKY","slug":"salomon-emanuel-mirohorsky-hu","taxonomy":"product_cat","parent":1861,"meta":[],"_links":{"self":[{"href":"https:\/\/collection.galerie-gerdes.com\/hu\/wp-json\/wp\/v2\/product_cat\/4506","targetHints":{"allow":["GET"]}}],"collection":[{"href":"https:\/\/collection.galerie-gerdes.com\/hu\/wp-json\/wp\/v2\/product_cat"}],"about":[{"href":"https:\/\/collection.galerie-gerdes.com\/hu\/wp-json\/wp\/v2\/taxonomies\/product_cat"}],"up":[{"embeddable":true,"href":"https:\/\/collection.galerie-gerdes.com\/hu\/wp-json\/wp\/v2\/product_cat\/1861"}],"wp:post_type":[{"href":"https:\/\/collection.galerie-gerdes.com\/hu\/wp-json\/wp\/v2\/product?product_cat=4506"}],"curies":[{"name":"wp","href":"https:\/\/api.w.org\/{rel}","templated":true}]}}