{"id":4788,"count":0,"description":"Curd Lessig 1924. november 22-\u00e9n sz\u00fcletett Stuttgartban \u00e9s 2019. m\u00e1jus 23-\u00e1n hunyt el, sokoldal\u00fa m\u0171v\u00e9sz volt, aki els\u0151sorban fest\u0151k\u00e9nt, grafikusk\u00e9nt \u00e9s templomablakok tervez\u0151jek\u00e9nt v\u00e1lt ismertt\u00e9, W\u00fcrzburgban \u00e9lt.\n\nM\u0171v\u00e9szi p\u00e1lyafut\u00e1s\u00e1t \u00fagy kezdte, hogy 1939 \u00e9s 1940 k\u00f6z\u00f6tt Heiner Dikreitern\u00e9l tanult fest\u00e9szetet, majd 1940 \u00e9s 1942 k\u00f6z\u00f6tt a w\u00fcrzburgi Menna c\u00e9gn\u00e9l templomfest\u0151 tanonc volt. Emellett Dikreiter mellett esti tanfolyamokat is v\u00e9gzett. A katonai szolg\u00e1lat 1942-t\u0151l 1944 augusztus\u00e1ig megszak\u00edtotta k\u00e9pz\u00e9s\u00e9t, amikor az amerikaiak fogs\u00e1gba ejtett\u00e9k. Szabadul\u00e1sa ut\u00e1n 1946-ban folytatta m\u0171v\u00e9szi p\u00e1lyafut\u00e1s\u00e1t.\n\nLessig 1947-ben alap\u00edt\u00f3 tagja volt a bambergi Berufsverband bildender K\u00fcnstler (BBK) Ober- und Unterfranken nev\u0171 szervezet\u00e9nek. 1948-t\u00f3l 1959-ig a m\u00fcncheni K\u00e9pz\u0151m\u0171v\u00e9szeti Akad\u00e9mi\u00e1n tanult fest\u00e9szetet Walther Teutschn\u00e1l. A k\u00f6vetkez\u0151 \u00e9vekben a Menna c\u00e9gn\u00e9l templomfest\u0151k\u00e9nt \u00e9s restaur\u00e1tork\u00e9nt dolgozott sz\u00e1mos frankf\u00f6ldi, hesseni \u00e9s westf\u00e1liai templomban.\n\n1957 m\u00e1rcius\u00e1t\u00f3l Lessig saj\u00e1t m\u0171termet vezetett, \u00e9s intenz\u00edven foglalkozott \u00f3lom\u00fcvegablakok tervez\u00e9s\u00e9vel, fest\u00e9szettel, grafik\u00e1val \u00e9s t\u00e1jk\u00e9pgouache-okkal. Nyilv\u00e1nos megb\u00edz\u00e1sokat \u00e9s p\u00e1ly\u00e1zatokat nyert, k\u00fcl\u00f6n\u00f6sen mozaikok, falfestm\u00e9nyek, fresk\u00f3k \u00e9s \u00f3lom\u00fcveg ablakok k\u00e9sz\u00edt\u00e9s\u00e9re. Katal\u00f3gusa t\u00f6bb mint 400 p\u00e9ld\u00e1t sorol fel, a katonai laktany\u00e1kt\u00f3l a templomokig.\n\nLessig sokat utazott Eur\u00f3p\u00e1ban, valamint Egyiptomban, Mexik\u00f3ban, Indi\u00e1ban, Burm\u00e1ban, Thaif\u00f6ld\u00f6n, K\u00edn\u00e1ban \u00e9s Jap\u00e1nban, \u00e9s ezekr\u0151l a helyekr\u0151l mer\u00edtett ihletet.\n\nSz\u00e1mos d\u00edjat \u00e9s kit\u00fcntet\u00e9st kapott, t\u00f6bbek k\u00f6z\u00f6tt 1982-ben Olaszorsz\u00e1gban az Arany Centaurot. 1991-ben W\u00fcrzburg v\u00e1ros kultur\u00e1lis d\u00edj\u00e1t, majd 2004-ben a Fr\u00e4nkeland Bortestv\u00e9ris\u00e9g kultur\u00e1lis d\u00edj\u00e1t, 2009-ben pedig Als\u00f3-Frankf\u00f6ld ker\u00fclet kultur\u00e1lis d\u00edj\u00e1t. 2009-ben a Fr\u00e4nkelandiai Bortestv\u00e9ris\u00e9g kultur\u00e1lis d\u00edj\u00e1t kapta meg.\n\nM\u0171veit sz\u00e1mos ki\u00e1ll\u00edt\u00e1son mutatt\u00e1k be, t\u00f6bbek k\u00f6z\u00f6tt olyan gal\u00e9ri\u00e1kban \u00e9s m\u00fazeumokban, mint a w\u00fcrzburgi St\u00e4dtische Galerie, a w\u00fcrzburgi Otto-Richter-Kunsthalle \u00e9s az iphofeni Knauf-Museum. Lessig m\u0171v\u00e9szi \u00f6r\u00f6ks\u00e9g\u00e9t ma is sz\u00e1mos ki\u00e1ll\u00edt\u00f3helyen \u00e1polj\u00e1k \u00e9s tisztelik.","link":"https:\/\/collection.galerie-gerdes.com\/hu\/c\/muveszek\/curd-lessig-artist-hu\/","name":"Curd LESSIG","slug":"curd-lessig-artist-hu","taxonomy":"product_cat","parent":1861,"meta":[],"_links":{"self":[{"href":"https:\/\/collection.galerie-gerdes.com\/hu\/wp-json\/wp\/v2\/product_cat\/4788","targetHints":{"allow":["GET"]}}],"collection":[{"href":"https:\/\/collection.galerie-gerdes.com\/hu\/wp-json\/wp\/v2\/product_cat"}],"about":[{"href":"https:\/\/collection.galerie-gerdes.com\/hu\/wp-json\/wp\/v2\/taxonomies\/product_cat"}],"up":[{"embeddable":true,"href":"https:\/\/collection.galerie-gerdes.com\/hu\/wp-json\/wp\/v2\/product_cat\/1861"}],"wp:post_type":[{"href":"https:\/\/collection.galerie-gerdes.com\/hu\/wp-json\/wp\/v2\/product?product_cat=4788"}],"curies":[{"name":"wp","href":"https:\/\/api.w.org\/{rel}","templated":true}]}}