{"id":5113,"count":0,"description":"Eugen Kucher nem volt k\u00f6z\u00f6ns\u00e9ges ecsetm\u0171v\u00e9sz; \u0151 egy l\u00e9lekfog\u00f3 volt, aki fest\u00e9kkel \u00f6r\u00f6k\u00edtette meg haz\u00e1ja var\u00e1zslatos t\u00e1j\u00e1t, \u00e9s keltette \u00e9letre a v\u00e1sznon.\n\nKucher 1889. augusztus 12-\u00e9n sz\u00fcletett Enzweihingenben, egy idilli helyen, Vaihingen\/Enz k\u00f6zel\u00e9ben, \u00e9s kor\u00e1n felismert\u00e9k tehets\u00e9g\u00e9t. Apja, egy vakol\u00f3mester befoly\u00e1sa \u00e9s b\u00e1tyja, Wilhelm, egy elismert fest\u0151mester t\u00e1mogat\u00e1sa egyengette m\u0171v\u00e9szi karrierj\u00e9nek \u00fatj\u00e1t.\n\nAz iskola elv\u00e9gz\u00e9se ut\u00e1n \u00fatja a fest\u00e9k \u00e9s az ecsetvon\u00e1sok vil\u00e1g\u00e1ba vezetett, ahol a n\u00e1la tizenk\u00e9t \u00e9vvel id\u0151sebb b\u00e1tyja tan\u00edtv\u00e1nyak\u00e9nt dolgozott. A sors azonban nagyobb dolgokat tartogatott sz\u00e1m\u00e1ra. Kucher 1910 november\u00e9ben a stuttgarti Royal Court Theater sz\u00ednpadi fest\u0151jek\u00e9nt tal\u00e1lta meg a sors\u00e1t. Itt fejlesztette ki tehets\u00e9g\u00e9t, \u00e9s olyan d\u00edszleteket k\u00e9sz\u00edtett, amelyek beind\u00edtott\u00e1k a k\u00f6z\u00f6ns\u00e9g fant\u00e1zi\u00e1j\u00e1t.\n\nAz els\u0151 vil\u00e1gh\u00e1bor\u00fa z\u0171rzavarai ut\u00e1n is h\u0171 maradt a mesters\u00e9g\u00e9hez, \u00e9s visszat\u00e9rt Stuttgartba, ahol szeretett Mathilde-j\u00e1val \u00e9s csal\u00e1dj\u00e1val egy\u00fctt otthonra lelt a L\u00f6wenstra\u00dfe 83-ban. M\u0171v\u00e9szi tehets\u00e9g\u00e9t soha nem hagyta nyugodni, \u00e9s Degerloch lak\u00f3it olyan t\u00e1jk\u00e9pekkel l\u00e1tta el, amelyek a term\u00e9szet sz\u00e9ps\u00e9g\u00e9t a legtiszt\u00e1bb form\u00e1ban \u00f6r\u00f6k\u00edtett\u00e9k meg.\n\nA sors azonban szomor\u00fa fordulatot vett. 1945. \u00e1prilis 12-\u00e9n, egy aaleni kir\u00e1ndul\u00e1s sor\u00e1n Kucher a sz\u00f6vets\u00e9gesek puszt\u00edt\u00f3, alacsonyan v\u00e9grehajtott l\u00e9git\u00e1mad\u00e1s\u00e1nak \u00e1ldozata lett. \u00c9lete t\u00fal kor\u00e1n \u00e9rt v\u00e9get, de \u00f6r\u00f6ks\u00e9ge tov\u00e1bb \u00e9l azok sz\u00edv\u00e9ben, akik csod\u00e1lj\u00e1k m\u0171v\u00e9szet\u00e9t.\n\nAz 1920-as \u00e9s 1930-as \u00e9vek aranykor\u00e1ban Kucher gyakran tal\u00e1lt mened\u00e9ket \u00e9s inspir\u00e1ci\u00f3t az obermusbachi Emil Hamma csal\u00e1dn\u00e1l. Ecsettel a kez\u00e9ben \u00e1llt a fest\u0151i lejt\u0151k\u00f6n, \u00e9s \u00f6r\u00f6kre v\u00e1szonra \u00f6r\u00f6k\u00edtette Obermusbach sz\u00e9ps\u00e9g\u00e9t.","link":"https:\/\/collection.galerie-gerdes.com\/hu\/c\/muveszek\/eugen-kucher-hu\/","name":"Eugen Kucher","slug":"eugen-kucher-hu","taxonomy":"product_cat","parent":1861,"meta":[],"_links":{"self":[{"href":"https:\/\/collection.galerie-gerdes.com\/hu\/wp-json\/wp\/v2\/product_cat\/5113","targetHints":{"allow":["GET"]}}],"collection":[{"href":"https:\/\/collection.galerie-gerdes.com\/hu\/wp-json\/wp\/v2\/product_cat"}],"about":[{"href":"https:\/\/collection.galerie-gerdes.com\/hu\/wp-json\/wp\/v2\/taxonomies\/product_cat"}],"up":[{"embeddable":true,"href":"https:\/\/collection.galerie-gerdes.com\/hu\/wp-json\/wp\/v2\/product_cat\/1861"}],"wp:post_type":[{"href":"https:\/\/collection.galerie-gerdes.com\/hu\/wp-json\/wp\/v2\/product?product_cat=5113"}],"curies":[{"name":"wp","href":"https:\/\/api.w.org\/{rel}","templated":true}]}}