{"id":6125,"count":0,"description":"Geo F\u00fcrst n\u00e9met t\u00e1j- \u00e9s tengerfest\u0151, rajzol\u00f3, fotogr\u00e1fus \u00e9s \u00edr\u00f3 1888-ban sz\u00fcletett N\u00fcrnbergben \u00e9s 1964-ben halt meg M\u00fcnchenben. Nagyr\u00e9szt autodidakta m\u00f3don tanult. Kezdetben a m\u00e1ltai La Vallett\u00e1ban \u00e9lt, ahol az els\u0151 vil\u00e1gh\u00e1bor\u00fa alatt intern\u00e1lt\u00e1k. Itt ismerkedett meg Fritz Leopold Henning-Danziggal (1895-1951), aki megtan\u00edtotta olajfest\u00e9szetre.\n\nAz els\u0151 vil\u00e1gh\u00e1bor\u00fa ut\u00e1n F\u00fcrst Moritz Heymann m\u00fcncheni fest\u0151iskol\u00e1j\u00e1ban folytatta m\u0171v\u00e9szi fejl\u0151d\u00e9s\u00e9t. A t\u00e9li h\u00f3napokat 1938-ig rendszeresen M\u00e1lt\u00e1n t\u00f6lt\u00f6tte, ahol n\u00e9met tan\u00e1rk\u00e9nt is dolgozott, t\u00f6bbek k\u00f6z\u00f6tt Lord Louis Mountbatten sz\u00e1m\u00e1ra. 1938-t\u00f3l \u00e1lland\u00f3an M\u00fcnchenben \u00e9lt.\n\nGeo F\u00fcrst tanulm\u00e1nyutakat tett Spanyolorsz\u00e1gban, Korzik\u00e1n, Dalm\u00e1ci\u00e1ban, Angli\u00e1ban, Olaszorsz\u00e1gban, \u00c9szak-Amerik\u00e1ban \u00e9s Afrik\u00e1ban, amelyek jelent\u0151s hat\u00e1ssal voltak m\u0171v\u00e9szi fejl\u0151d\u00e9s\u00e9re. Tagja volt a m\u00fcncheni Feldgrauen K\u00fcnstlerbundnak, \u00e9s f\u0151k\u00e9nt M\u00fcnchenben tev\u00e9kenykedett m\u0171v\u00e9szk\u00e9nt.","link":"https:\/\/collection.galerie-gerdes.com\/hu\/c\/muveszek\/georg-fuerst-hu\/","name":"Georg F\u00fcrst","slug":"georg-fuerst-hu","taxonomy":"product_cat","parent":1861,"meta":[],"_links":{"self":[{"href":"https:\/\/collection.galerie-gerdes.com\/hu\/wp-json\/wp\/v2\/product_cat\/6125","targetHints":{"allow":["GET"]}}],"collection":[{"href":"https:\/\/collection.galerie-gerdes.com\/hu\/wp-json\/wp\/v2\/product_cat"}],"about":[{"href":"https:\/\/collection.galerie-gerdes.com\/hu\/wp-json\/wp\/v2\/taxonomies\/product_cat"}],"up":[{"embeddable":true,"href":"https:\/\/collection.galerie-gerdes.com\/hu\/wp-json\/wp\/v2\/product_cat\/1861"}],"wp:post_type":[{"href":"https:\/\/collection.galerie-gerdes.com\/hu\/wp-json\/wp\/v2\/product?product_cat=6125"}],"curies":[{"name":"wp","href":"https:\/\/api.w.org\/{rel}","templated":true}]}}