{"id":6744,"count":0,"description":"Heinrich Wilke 1869. febru\u00e1r 3-\u00e1n sz\u00fcletett Berlinben \u00e9s 1952. november 19-\u00e9n halt meg G\u00fcstrowban. N\u00e9met fest\u0151 volt, aki els\u0151sorban portr\u00e9kra, t\u00e1jk\u00e9pekre \u00e9s t\u00f6rt\u00e9nelmi jelenetekre specializ\u00e1l\u00f3dott.\n\nWilke 1887 \u00e9s 1891 k\u00f6z\u00f6tt a berlini Hochschule f\u00fcr Bildende K\u00fcnste fest\u0151iskol\u00e1ban tanult fest\u00e9szetet, ahol t\u00f6bbek k\u00f6z\u00f6tt Hugo Vogelt\u0151l tanult. M\u00e1r 1890-ben d\u00edjakat kapott a pompeji n\u0151i f\u00fcrd\u0151ket \u00e1br\u00e1zol\u00f3 m\u0171vei\u00e9rt, amelyeket a K\u00e9pz\u0151m\u0171v\u00e9szeti Akad\u00e9mi\u00e1n \u00e1ll\u00edtott ki. 1891 \u00e9s 1892 k\u00f6z\u00f6tt tov\u00e1bbi tanulm\u00e1nyokat folytatott a m\u00fcncheni K\u00e9pz\u0151m\u0171v\u00e9szeti Akad\u00e9mi\u00e1n, ahol olyan neves fest\u0151k k\u00f6r\u00e9be ker\u00fclt, mint Bruno Piglhein, Ludwig Thiersch \u00e9s Carl Gustaf Hellqvist.\n\nMiut\u00e1n 1893-ban visszat\u00e9rt Berlinbe, els\u0151sorban a portr\u00e9- \u00e9s t\u00f6rt\u00e9neti fest\u00e9szetnek szentelte mag\u00e1t. T\u00f6bb tanulm\u00e1nyutat tett Olaszorsz\u00e1gban 1892-ben, 1896\/1897-ben \u00e9s 1901\/1902-ben. Wilke k\u00fcl\u00f6nb\u00f6z\u0151 m\u0171v\u00e9szeti egyes\u00fcletekben is r\u00e9szt vett, \u00e9s rendszeresen k\u00e9pviseltette mag\u00e1t a nagy berlini m\u0171v\u00e9szeti ki\u00e1ll\u00edt\u00e1sokon.\n\n1917-ben Richard van Tongelt\u0151l megh\u00edv\u00e1st kapott G\u00fcstrowba, hogy a van Tongel ac\u00e9lgy\u00e1r sz\u00e1m\u00e1ra k\u00e9sz\u00edtsen egy megrendel\u00e9sre k\u00e9sz\u00fclt m\u0171vet. Itt keresett portr\u00e9fest\u0151k\u00e9nt t\u0171nt fel, \u00e9s mintegy 100 portr\u00e9t k\u00e9sz\u00edtett a g\u00fcstrowi polg\u00e1rs\u00e1gr\u00f3l. 1921-ben G\u00fcstrow lett a fogadott otthona, ahol hal\u00e1l\u00e1ig \u00e9lt \u00e9s dolgozott.\n\nBerlinben t\u00f6lt\u00f6tt ideje alatt Wilke els\u0151sorban t\u00f6rt\u00e9nelmi t\u00e9m\u00e1kra koncentr\u00e1lt m\u0171veiben, k\u00e9s\u0151bb egyre ink\u00e1bb a mecklenburgi t\u00e1jk\u00e9pek fel\u00e9 ford\u00edtotta figyelm\u00e9t. Ma a G\u00fcstrowi V\u00e1rosi M\u00fazeumban 29 festm\u00e9nye l\u00e1that\u00f3.\n\nWilke m\u0171vei sz\u00e1mos ki\u00e1ll\u00edt\u00e1son szerepeltek, t\u00f6bbek k\u00f6z\u00f6tt az 1896-os berlini Nemzetk\u00f6zi M\u0171v\u00e9szeti Ki\u00e1ll\u00edt\u00e1son, az 1893 \u00e9s 1916 k\u00f6z\u00f6tti Nagy Berlini M\u0171v\u00e9szeti Ki\u00e1ll\u00edt\u00e1sokon, valamint 1921-ben a rostocki V\u00e1rosi M\u00fazeumban, 1926-ban a schwertini Museum am Alten Gartenben \u00e9s 1928-ban a G\u00fcstrowi M\u00fazeumban rendezett egy\u00e9ni ki\u00e1ll\u00edt\u00e1sokon. M\u0171veit posztumusz is bemutatt\u00e1k, p\u00e9ld\u00e1ul 1939-ben a Schwerini Mecklenburgi \u00c1llami M\u00fazeum kort\u00e1rs fest\u0151k ki\u00e1ll\u00edt\u00e1s\u00e1n \u00e9s 1994-ben a G\u00fcstrowi V\u00e1rosi M\u00fazeumban rendezett kabinetki\u00e1ll\u00edt\u00e1son.","link":"https:\/\/collection.galerie-gerdes.com\/hu\/c\/muveszek\/heinrich-wilke-hu\/","name":"Heinrich Wilke","slug":"heinrich-wilke-hu","taxonomy":"product_cat","parent":1861,"meta":[],"_links":{"self":[{"href":"https:\/\/collection.galerie-gerdes.com\/hu\/wp-json\/wp\/v2\/product_cat\/6744","targetHints":{"allow":["GET"]}}],"collection":[{"href":"https:\/\/collection.galerie-gerdes.com\/hu\/wp-json\/wp\/v2\/product_cat"}],"about":[{"href":"https:\/\/collection.galerie-gerdes.com\/hu\/wp-json\/wp\/v2\/taxonomies\/product_cat"}],"up":[{"embeddable":true,"href":"https:\/\/collection.galerie-gerdes.com\/hu\/wp-json\/wp\/v2\/product_cat\/1861"}],"wp:post_type":[{"href":"https:\/\/collection.galerie-gerdes.com\/hu\/wp-json\/wp\/v2\/product?product_cat=6744"}],"curies":[{"name":"wp","href":"https:\/\/api.w.org\/{rel}","templated":true}]}}