{"id":7270,"count":0,"description":"Jakob Edwin Bachmann 1873. augusztus 18-\u00e1n sz\u00fcletett Z\u00fcrichben, egy elismert \u00fcgyv\u00e9d \u00e9s neves b\u00fcntet\u0151\u00fcgyv\u00e9d fiak\u00e9nt. Iskolai \u00e9veit Z\u00fcrichben t\u00f6lt\u00f6tte, de m\u00e1r kor\u00e1n megmutatkozott a kreativit\u00e1s ir\u00e1nti hajlama, ami v\u00e9g\u00fcl a litogr\u00e1fia m\u0171v\u00e9szet\u00e9nek elsaj\u00e1t\u00edt\u00e1s\u00e1hoz vezetett. A k\u00e9pz\u00e9s elv\u00e9gz\u00e9se ut\u00e1n utazgatott, \u00e9s m\u0171v\u00e9szi tehets\u00e9g\u00e9nek megfelel\u0151 munk\u00e1t tal\u00e1lt. A term\u00e9szet csod\u00e1inak lelkes csod\u00e1l\u00f3jak\u00e9nt minden szabad perc\u00e9t a neves lipcsei \u00e9s m\u00fcncheni m\u0171v\u00e9szeti akad\u00e9mi\u00e1kon t\u00f6lt\u00f6tte. K\u00e9s\u0151bb P\u00e1rizsban t\u00f6lt\u00f6tt id\u0151vel gazdag\u00edtotta tud\u00e1s\u00e1t, ahol az \u00c9cole des Beaux-Arts-on fest\u00e9szetet \u00e9s rajzot tanult.\n\nSv\u00e1jcba val\u00f3 visszat\u00e9r\u00e9se ut\u00e1n feles\u00e9g\u00fcl vette Pauline Leonhardot, \u00e9s csal\u00e1dot alap\u00edtott. Ebb\u0151l a h\u00e1zass\u00e1gb\u00f3l sz\u00fclettek gyermekei, Gertrud, Edwin Paul \u00e9s Edwin Karl. Ezzel egyidej\u0171leg \u00e1tvette a Richterswilben m\u0171k\u00f6d\u0151 rangos Pfister+Meier d\u00edsz\u00edt\u0151- \u00e9s sz\u00ednh\u00e1zi fest\u00e9szeti c\u00e9g vezet\u00e9s\u00e9t, mik\u00f6zben mag\u00e1n\u00e9let\u00e9ben egyre t\u00f6bb id\u0151t szentelt a fest\u00e9szetnek. H\u00edres mesterek festm\u00e9nyeit m\u00e1solta, megrendel\u0151i sz\u00e1m\u00e1ra f\u00e9nyk\u00e9pek alapj\u00e1n portr\u00e9kat k\u00e9sz\u00edtett elhunytakr\u00f3l, \u00e9s v\u00e9g\u00fcl kialak\u00edtotta saj\u00e1t st\u00edlus\u00e1t, amely t\u00e1jk\u00e9peket, csend\u00e9leteket \u00e9s vall\u00e1si jeleneteket foglalt mag\u00e1ban.\n\n1913-ban megb\u00edz\u00e1st kapott, hogy a richterswili \u00faj templom sz\u00e1m\u00e1ra szakr\u00e1lis k\u00e9peket fessen, ami tov\u00e1bb n\u00f6velte m\u0171v\u00e9szi elismerts\u00e9g\u00e9t. Az els\u0151 vil\u00e1gh\u00e1bor\u00fa alatt m\u0171v\u00e9szi tev\u00e9kenys\u00e9g\u00e9t a katonai szolg\u00e1lat megszak\u00edtotta, \u00e9s a Pfister+Meier v\u00e1llalat k\u00fclf\u00f6ldi sz\u00e1ll\u00edt\u00e1si probl\u00e9m\u00e1k miatti bez\u00e1r\u00e1sa tov\u00e1bb rontotta anyagi helyzet\u00e9t. Els\u0151 feles\u00e9g\u00e9nek, Pauline-nak 1915-ben bek\u00f6vetkezett hal\u00e1la \u00e9s az ezt k\u00f6vet\u0151 alkot\u00f3i v\u00e1ls\u00e1g miatt \u201esz\u00fcrke Bachmann\u201d n\u00e9ven v\u00e1lt ismertt\u00e9, mivel festm\u00e9nyei most m\u00e1r kev\u00e9s f\u00e9nyt mutattak, \u00e9s bels\u0151 k\u00e9telyekkel kellett k\u00fczdenie.\n\nEgy \u00e9vvel Pauline elveszt\u00e9se ut\u00e1n Jakob Edwin feles\u00e9g\u00fcl vette Fanny Fl\u00fctsch \u00e1pol\u00f3n\u0151t, akivel \u00f6t fia sz\u00fcletett: Hans, Walter, Werner, Hermann \u00e9s Rudolf. M\u00e1sodik feles\u00e9g\u00e9t\u0151l inspir\u00e1lva Bachmann a h\u00e1bor\u00fa ut\u00e1n v\u00e9gleg a fest\u00e9szetnek szentelte mag\u00e1t, \u00e9s csal\u00e1dj\u00e1val Weesenbe k\u00f6lt\u00f6z\u00f6tt, ahol a term\u00e9szetet \u00e9s a Walen-t\u00f3 k\u00f6r\u00fcli hegyvid\u00e9ki t\u00e1jakat fedezte fel \u00e9s \u00f6r\u00f6k\u00edtette meg v\u00e1sznain. Az emberek \u00e9s \u00e1llatok ir\u00e1nti \u00e9rdekl\u0151d\u00e9se arra k\u00e9sztette, hogy intenz\u00edven foglalkozzon a portr\u00e9- \u00e9s figurafest\u00e9szettel.\n\n1923-ban az Alois Eberhard, Theatermalerei, Weesen c\u00e9gn\u00e9l tal\u00e1lt \u00e1ll\u00e1st, ahol tov\u00e1bbfejleszthette m\u0171v\u00e9szi kreativit\u00e1s\u00e1t. A csal\u00e1dja \u00e9s a fest\u00e9szet jelentette sz\u00e1m\u00e1ra az \u00e9letc\u00e9lt, \u00e9s egyre ink\u00e1bb megbecs\u00fclt\u00e9k portr\u00e9fest\u0151i k\u00e9pess\u00e9geit. 1929-ben a csal\u00e1d a Z\u00fcrichi-t\u00f3 melletti Pf\u00e4ffikonba k\u00f6lt\u00f6z\u00f6tt, ahol Bachmann folytatta m\u0171v\u00e9szi tev\u00e9kenys\u00e9g\u00e9t, \u00e9s sz\u00e1mos m\u0171v\u00e9t k\u00e9peslapk\u00e9nt az eg\u00e9sz vil\u00e1gba elk\u00fcldt\u00e9k.\n\nM\u00e1sodik feles\u00e9ge, Fanny hal\u00e1la 1940-ben \u00fajabb csap\u00e1st m\u00e9rt r\u00e1. Egyed\u00fcl \u00e9lt \u00e9s dolgozott eg\u00e9szen 1947-ig, amikor is fi\u00e1hoz, Wernerhez \u00e9s csal\u00e1dj\u00e1hoz k\u00f6lt\u00f6z\u00f6tt Freienbach SZ-be. 1952-ig intenz\u00edven festett fest\u0151\u00e1llv\u00e1nya mellett, v\u00e9g\u00fcl 1957 janu\u00e1rj\u00e1ban, 84 \u00e9ves kor\u00e1ban halt meg. Feles\u00e9ge, Fanny mellett a wolleraui protest\u00e1ns temet\u0151ben tal\u00e1lt v\u00e9gs\u0151 nyughelyet.\n\nJakob Edwin Bachmann leny\u0171g\u00f6z\u0151 m\u0171v\u00e9szi hagyat\u00e9kot hagyott h\u00e1tra, \u00e9s posztumusz eml\u00e9kki\u00e1ll\u00edt\u00e1sokon, t\u00f6bbek k\u00f6z\u00f6tt 1985-ben Pf\u00e4ffikonban\/SZ-ben is tisztelet\u00e9t tette. Edwin Paul Bachmann, Edwin Carl Bachmann \u00e9s Hermann Bachmann \u00e9desapja, valamint Ursula, Werner \u00e9s Anna Maria nagyapja volt.","link":"https:\/\/collection.galerie-gerdes.com\/hu\/c\/muveszek\/jakob-edwin-bachmann-hu\/","name":"Jakob Edwin Bachmann","slug":"jakob-edwin-bachmann-hu","taxonomy":"product_cat","parent":1861,"meta":[],"_links":{"self":[{"href":"https:\/\/collection.galerie-gerdes.com\/hu\/wp-json\/wp\/v2\/product_cat\/7270","targetHints":{"allow":["GET"]}}],"collection":[{"href":"https:\/\/collection.galerie-gerdes.com\/hu\/wp-json\/wp\/v2\/product_cat"}],"about":[{"href":"https:\/\/collection.galerie-gerdes.com\/hu\/wp-json\/wp\/v2\/taxonomies\/product_cat"}],"up":[{"embeddable":true,"href":"https:\/\/collection.galerie-gerdes.com\/hu\/wp-json\/wp\/v2\/product_cat\/1861"}],"wp:post_type":[{"href":"https:\/\/collection.galerie-gerdes.com\/hu\/wp-json\/wp\/v2\/product?product_cat=7270"}],"curies":[{"name":"wp","href":"https:\/\/api.w.org\/{rel}","templated":true}]}}