{"id":7288,"count":0,"description":"Joseph Roos, aki 1726. okt\u00f3ber 9-\u00e9n sz\u00fcletett B\u00e9csben \u00e9s 1805. augusztus 25-\u00e9n halt meg, kiemelked\u0151 osztr\u00e1k fest\u0151 volt, aki p\u00e1lyafut\u00e1sa sor\u00e1n jelent\u0151s hat\u00e1st gyakorolt, k\u00fcl\u00f6n\u00f6sen a n\u00e9metorsz\u00e1gi Drezd\u00e1ban.\n\nJoseph Roos m\u0171v\u00e9szi tehets\u00e9g\u00e9t csal\u00e1di \u00f6r\u00f6ks\u00e9ge form\u00e1lta, hiszen d\u00e9dapja a k\u00f6ztiszteletben \u00e1ll\u00f3 fest\u0151, Johann Heinrich Roos (1631-1685), nagyapja pedig Philipp Peter Roos (1651-1705) volt. \u00c9desapja, Cajetan Roos (1690-1770), akit \u201eGaetano Rosa\u201d n\u00e9ven is ismertek, tan\u00edtotta \u0151t, \u00e9s \u00e9rt\u00e9kes fest\u00e9szeti ismereteket adott \u00e1t neki. B\u00e9csi k\u00e9pz\u00e9se ut\u00e1n Joseph Roos 21 \u00e9ves kor\u00e1ban Drezd\u00e1ba k\u00f6lt\u00f6z\u00f6tt, ahol Giuseppe Galli da Bibiena ir\u00e1ny\u00edt\u00e1sa alatt d\u00edsz\u00edt\u0151fest\u0151k\u00e9nt dolgozott.\n\nDrezdai tart\u00f3zkod\u00e1sa alatt Roos jelent\u0151sen r\u00e9szt vett a Zwingerben tal\u00e1lhat\u00f3 operah\u00e1z restaur\u00e1l\u00e1s\u00e1ban, el\u0151sz\u00f6r 1749-1750-ben, majd 1753-ban Giovanni Niccolo Servandoni (1695-1766) ir\u00e1ny\u00edt\u00e1s\u00e1val annak \u00fajratervez\u00e9s\u00e9ben. Sajnos ennek a munk\u00e1nak az 1849-es operah\u00e1zi t\u0171zv\u00e9sz miatt nem maradtak fenn nyomai.\n\nRoos id\u0151k\u00f6zben Berlinben t\u00f6lt\u00f6tt n\u00e9mi id\u0151t, ahol hat figyelemre m\u00e9lt\u00f3 rajzot k\u00e9sz\u00edtett, amelyeket ma a berlini Kupferstichkabinettben \u0151riznek.\n\n1758-t\u00f3l Joseph Roos v\u00e9gleg Drezd\u00e1ban telepedett le, ahol udvari fest\u0151k\u00e9nt \u00e9s tan\u00e1rk\u00e9nt dolgozott. Amikor 1764-ben Drezd\u00e1ban megalap\u00edtott\u00e1k az Akad\u00e9mi\u00e1t, e neves int\u00e9zm\u00e9ny tagj\u00e1v\u00e1 nevezt\u00e9k ki, \u00e9s t\u00e1jk\u00e9pfest\u00e9szetet tan\u00edtott. Egy \u00e9vvel k\u00e9s\u0151bb a t\u00e1jk\u00e9pfest\u00e9szet professzora lett.\n\nA Drezd\u00e1ban el\u00e9rt figyelemre m\u00e9lt\u00f3 m\u0171v\u00e9szi \u00e9s pedag\u00f3giai eredm\u00e9nyei ellen\u00e9re Joseph Roos \u00e9s akad\u00e9miai koll\u00e9g\u00e1ja, Giovanni Battista Casanova k\u00f6z\u00f6tt kib\u00e9k\u00edthetetlen n\u00e9zetelt\u00e9r\u00e9sek alakultak ki, amelyekbe m\u00e9g tan\u00edtv\u00e1nyaik is belekeveredtek. Ez vezetett ahhoz, hogy Roos 1769-ben B\u00e9csbe k\u00f6lt\u00f6z\u00f6tt, ahol elfogadta a Cs\u00e1sz\u00e1ri K\u00e9pt\u00e1r igazgat\u00f3i \u00e1ll\u00e1s\u00e1t, \u00e9s tov\u00e1bbra is jelent\u0151s m\u00e9rt\u00e9kben hozz\u00e1j\u00e1rult a m\u0171v\u00e9szet vil\u00e1g\u00e1hoz. M\u0171v\u00e9szi \u00f6r\u00f6ks\u00e9g\u00e9t \u00e9s a m\u0171v\u00e9szett\u00f6rt\u00e9netben bet\u00f6lt\u00f6tt fontos szerep\u00e9t ma is \u00e9rt\u00e9kelik \u00e9s nagyra becs\u00fclik.","link":"https:\/\/collection.galerie-gerdes.com\/hu\/c\/muveszek\/joseph-roos-hu\/","name":"Joseph Roos","slug":"joseph-roos-hu","taxonomy":"product_cat","parent":1861,"meta":[],"_links":{"self":[{"href":"https:\/\/collection.galerie-gerdes.com\/hu\/wp-json\/wp\/v2\/product_cat\/7288","targetHints":{"allow":["GET"]}}],"collection":[{"href":"https:\/\/collection.galerie-gerdes.com\/hu\/wp-json\/wp\/v2\/product_cat"}],"about":[{"href":"https:\/\/collection.galerie-gerdes.com\/hu\/wp-json\/wp\/v2\/taxonomies\/product_cat"}],"up":[{"embeddable":true,"href":"https:\/\/collection.galerie-gerdes.com\/hu\/wp-json\/wp\/v2\/product_cat\/1861"}],"wp:post_type":[{"href":"https:\/\/collection.galerie-gerdes.com\/hu\/wp-json\/wp\/v2\/product?product_cat=7288"}],"curies":[{"name":"wp","href":"https:\/\/api.w.org\/{rel}","templated":true}]}}