{"id":7463,"count":0,"description":"Gimes Lajos, sz\u00fcletett Goldberger (Miskolc, 1886. november 29. - Buchenwaldi koncentr\u00e1ci\u00f3s t\u00e1bor, 1945. febru\u00e1r 23.) magyar fest\u0151m\u0171v\u00e9sz.\n\nA budapesti K\u00e9pz\u0151- \u00e9s Iparm\u0171v\u00e9szeti Iskol\u00e1ban tanult, majd Berlinben, Br\u00fcsszelben \u00e9s P\u00e1rizsban folytatta tanulm\u00e1nyait. El\u0151sz\u00f6r a Nemzeti Szalonban \u00e1ll\u00edtott ki. Az 1906-os mil\u00e1n\u00f3i nemzetk\u00f6zi ki\u00e1ll\u00edt\u00e1son n\u00e9gy festm\u00e9nnyel vett r\u00e9szt. 1909-ben Miskolcon telepedett le, ahol 1927-ig h\u00e9t kollekt\u00edv ki\u00e1ll\u00edt\u00e1sa volt. Els\u0151 t\u00e1jk\u00e9pki\u00e1ll\u00edt\u00e1s\u00e1ra 1911-ben ker\u00fclt sor a M\u0171csarnokban. Az impresszionizmus fel\u00e9 hajl\u00f3 naturalista k\u00e9peket festett. N\u00e9prajzi mot\u00edvumokat tartalmaz\u00f3 akvarelleket is k\u00e9sz\u00edtett. 1933-ban \u00f6t h\u00f3napot t\u00f6lt\u00f6tt Hollandi\u00e1ban, ahol h\u00e1rom ki\u00e1ll\u00edt\u00e1sa volt H\u00e1g\u00e1ban, Groningenben \u00e9s 's-Hertogenboschhban. Tagja volt az Orsz\u00e1gos Magyar Izraelita Kultur\u00e1lis Egyes\u00fcletnek, 1939 \u00e9s 1944 k\u00f6z\u00f6tt r\u00e9szt vett az OMIKE m\u0171v\u00e9szeti akci\u00f3 ki\u00e1ll\u00edt\u00e1sain.\n\nUnoka\u00f6ccse, Gimes Mikl\u00f3s \u00fajs\u00e1g\u00edr\u00f3, politikus, az 1956-os forradalom m\u00e1rt\u00edrja volt. Testv\u00e9re, Gimes Mikl\u00f3s orvos. S\u00f3gorn\u0151je, Hajd\u00fa Gimes Lili pszichi\u00e1ter \u00e9s pszichoanalitikus volt.\n\nFeles\u00e9ge Freud Irma zeneiskolai igazgat\u00f3, Freud Ign\u00e1c \u00e9s F\u00fcrnberg Berta l\u00e1nya volt, akit 1918. december 28-\u00e1n Budapesten, a Ter\u00e9zv\u00e1rosban vett feles\u00e9g\u00fcl.","link":"https:\/\/collection.galerie-gerdes.com\/hu\/c\/muveszek\/lajos-gimes-hu\/","name":"Lajo\u0161 G\u00edme\u0161","slug":"lajos-gimes-hu","taxonomy":"product_cat","parent":1861,"meta":[],"_links":{"self":[{"href":"https:\/\/collection.galerie-gerdes.com\/hu\/wp-json\/wp\/v2\/product_cat\/7463","targetHints":{"allow":["GET"]}}],"collection":[{"href":"https:\/\/collection.galerie-gerdes.com\/hu\/wp-json\/wp\/v2\/product_cat"}],"about":[{"href":"https:\/\/collection.galerie-gerdes.com\/hu\/wp-json\/wp\/v2\/taxonomies\/product_cat"}],"up":[{"embeddable":true,"href":"https:\/\/collection.galerie-gerdes.com\/hu\/wp-json\/wp\/v2\/product_cat\/1861"}],"wp:post_type":[{"href":"https:\/\/collection.galerie-gerdes.com\/hu\/wp-json\/wp\/v2\/product?product_cat=7463"}],"curies":[{"name":"wp","href":"https:\/\/api.w.org\/{rel}","templated":true}]}}