{"id":7625,"count":0,"description":"Max-Wolfgang Weber (1939) n\u00e9met fest\u0151 \u00e9s k\u00e9pz\u0151m\u0171v\u00e9sz. Drezd\u00e1ban sz\u00fcletett 1939-ben. M\u0171v\u00e9szi k\u00e9pz\u00e9s\u00e9t 1953-ban kezdte, mag\u00e1n fest\u0151- \u00e9s rajz\u00f3r\u00e1kat vett Gerhard David professzort\u00f3l Drezd\u00e1ban. 1956 \u00e9s 1957 k\u00f6z\u00f6tt a lipcsei K\u00e9pz\u0151m\u0171v\u00e9szeti Akad\u00e9mi\u00e1n tanult W. Mattheuer professzor mellett. Ezt k\u00f6vet\u0151en 1957 \u00e9s 1959 k\u00f6z\u00f6tt a m\u00fcncheni K\u00e9pz\u0151m\u0171v\u00e9szeti Akad\u00e9mi\u00e1n folytatta tanulm\u00e1nyait Xaver Fuhr professzor vezet\u00e9s\u00e9vel. M\u0171v\u00e9szeti ismereteinek \u00e9s k\u00e9szs\u00e9geinek elm\u00e9ly\u00edt\u00e9se \u00e9rdek\u00e9ben 1962 \u00e9s 1963 k\u00f6z\u00f6tt tov\u00e1bbi egy \u00e9vet v\u00e9gzett a b\u00e9csi K\u00e9pz\u0151m\u0171v\u00e9szeti Akad\u00e9mi\u00e1n Franz Elsner professzor ir\u00e1ny\u00edt\u00e1s\u00e1val.\n\nMax-Wolfgang Weber 1960 \u00f3ta szabad\u00fasz\u00f3 m\u0171v\u00e9szk\u00e9nt dolgozik M\u00fcnchenben. Munk\u00e1ss\u00e1g\u00e1t 1985-ben a Bajor \u00c1llami Fest\u00e9szeti Gy\u0171jtem\u00e9nyek a \u201eStrandbild Narbonne\u201d c\u00edm\u0171 f\u0151 m\u0171v\u00e9nek megv\u00e1s\u00e1rl\u00e1s\u00e1val honor\u00e1lt\u00e1k. A Berufsverband Bildender K\u00fcnstler (BBK) \u00e9s a VG BILD-KUNST tagja.\n\nWeber p\u00e1lyafut\u00e1sa sor\u00e1n sz\u00e1mos ki\u00e1ll\u00edt\u00e1son vett r\u00e9szt. \u00cdgy p\u00e9ld\u00e1ul 1977-ben a m\u00fcncheni Kunstforum der St\u00e4dtischen Galerie ki\u00e1ll\u00edt\u00e1s\u00e1n, 1979-ben pedig a m\u00fcncheni Haus der Kunst nagy m\u0171v\u00e9szeti ki\u00e1ll\u00edt\u00e1s\u00e1n vett r\u00e9szt. M\u0171veit nemzetk\u00f6zi szinten is bemutatta, p\u00e9ld\u00e1ul 1980-ban az Institut Francais de M\u00fcnchenben \u00e9s 1990-ben a Galerie Du Loup-ban Gensac\/Gironde-ban, Franciaorsz\u00e1gban.\n\nMax-Wolfgang Weber tov\u00e1bbi fontos ki\u00e1ll\u00edt\u00e1saira ker\u00fclt sor, p\u00e9ld\u00e1ul 2000-ben a m\u00fcncheni Traf\u00f3ban, a Lipcse \u00e9s M\u00fcnchen k\u00f6z\u00f6tti \u201e10 \u00e9v egyes\u00fcl\u00e9s\u201d alkalm\u00e1b\u00f3l. 2010-ben a M\u00fcncheni V\u00e1rosfejleszt\u00e9si Hivatalban a \u201eBruder Baum\u201d c\u00edm\u0171 ki\u00e1ll\u00edt\u00e1s keret\u00e9ben voltak l\u00e1that\u00f3k m\u0171vei. 2012-ben a martinsriedi Max Planck Biok\u00e9miai Int\u00e9zetben mutatta be \u201eEnergy Landscapes\u201d c\u00edm\u0171 munk\u00e1it.\n\nLegut\u00f3bbi ki\u00e1ll\u00edt\u00e1sai 2019-ben a k\u00f6vetkez\u0151k: \u201eIm Fluss der Zeit\u201d a m\u00fcncheni Karl Valentin sz\u00fcl\u0151h\u00e1zban, \u201eHerbstkl\u00e4nge\u201d a ZUK (Maierhof) Kloster Benediktbeuernben \u00e9s \u201eHerbstakkord\u201d a m\u00fcncheni Schloss Blutenburgban. Max-Wolfgang Weber 2020-ban \u201e\u00daj festm\u00e9nyek\u201d c\u00edm\u0171 ki\u00e1ll\u00edt\u00e1s\u00e1t mutatja be a m\u00fcncheni Au e.V. m\u0171term\u00e9ben.","link":"https:\/\/collection.galerie-gerdes.com\/hu\/c\/muveszek\/max-wolfgang-weber-hu\/","name":"Max Wolfgang WEBER","slug":"max-wolfgang-weber-hu","taxonomy":"product_cat","parent":1861,"meta":[],"_links":{"self":[{"href":"https:\/\/collection.galerie-gerdes.com\/hu\/wp-json\/wp\/v2\/product_cat\/7625","targetHints":{"allow":["GET"]}}],"collection":[{"href":"https:\/\/collection.galerie-gerdes.com\/hu\/wp-json\/wp\/v2\/product_cat"}],"about":[{"href":"https:\/\/collection.galerie-gerdes.com\/hu\/wp-json\/wp\/v2\/taxonomies\/product_cat"}],"up":[{"embeddable":true,"href":"https:\/\/collection.galerie-gerdes.com\/hu\/wp-json\/wp\/v2\/product_cat\/1861"}],"wp:post_type":[{"href":"https:\/\/collection.galerie-gerdes.com\/hu\/wp-json\/wp\/v2\/product?product_cat=7625"}],"curies":[{"name":"wp","href":"https:\/\/api.w.org\/{rel}","templated":true}]}}