{"id":7700,"count":0,"description":"Michel Wagner 1893. december 20-\u00e1n sz\u00fcletett Muschenried\/Oberpfalzban \u00e9s 1965. december 3-\u00e1n halt meg M\u00fcnchenben. N\u00e9met fest\u0151 \u00e9s szobr\u00e1sz volt, a Juryfreie Kunstausstellung \u00e9s a Neue Gruppe tagjak\u00e9nt ismert, az Elveszett Nemzed\u00e9khez tartoz\u00f3nak tartj\u00e1k.\n\nGeorg \u00e9s Barbara Wagner f\u00f6ldm\u0171ves h\u00e1zasp\u00e1r fiak\u00e9nt vid\u00e9ki k\u00f6rnyezetben n\u0151tt fel, ami k\u00e9s\u0151bb gyakran mot\u00edvumk\u00e9nt jelent meg m\u0171veiben. Tizen\u00f6t \u00e9ves kor\u00e1ban elhagyta sz\u00fclei gazdas\u00e1g\u00e1t, hogy M\u00fcnchenben p\u00e9kmesters\u00e9get tanuljon. Itt kezdte el k\u00e9sz\u00edteni els\u0151 rajzait is, amelyek k\u00f6z\u00fcl n\u00e9h\u00e1nyat elk\u00fcld\u00f6tt Franz von Defreggernek, aki b\u00e1tor\u00edt\u00f3an reag\u00e1lt r\u00e1. 1910-ben Wagner gyalog indult el M\u00fcnchenb\u0151l Hamburgba, ahol feliratkozott egy teherhaj\u00f3ra. Amikor kit\u00f6rt az els\u0151 vil\u00e1gh\u00e1bor\u00fa, bevonult a haditenger\u00e9szethez.\n\nA h\u00e1bor\u00fa ut\u00e1n, 1921-ben Wagner \u00fagy d\u00f6nt\u00f6tt, hogy a m\u0171v\u00e9szetben \u00e9s a m\u0171v\u00e9szettel folytatja \u00e9let\u00e9t. Autodidakta m\u00f3don fejlesztette tov\u00e1bb k\u00e9pess\u00e9geit, \u00e9s Lovis Corinth \u00e9s Stanislaus St\u00fcckgold tan\u00edtv\u00e1nya lett. M\u00e1r 1923-ban ki\u00e1ll\u00edtotta m\u0171veit a m\u00fcncheni Glaspalastban \u00e9vente megrendezett m\u0171v\u00e9szeti ki\u00e1ll\u00edt\u00e1son. Ezt k\u00f6vette 1923\/1924-ben egy braz\u00edliai tanulm\u00e1ny\u00fat, amelyr\u0151l a K\u00f6lnische Volkszeitung is besz\u00e1molt. Visszat\u00e9r\u00e9se ut\u00e1n feles\u00e9g\u00fcl vette Else S\u00e4ulen fest\u0151m\u0171v\u00e9szt, \u00e9s a M\u00fcnchen melletti Hohensch\u00e4ftlarnban telepedett le.\n\nAz 1930-as \u00e9vekben Wagner k\u00fcl\u00f6n\u00f6sen akt\u00edvan r\u00e9szt vett ki\u00e1ll\u00edt\u00e1sokon, de ennek a nemzetiszocialist\u00e1k hatalomra ker\u00fcl\u00e9se ut\u00e1n hirtelen v\u00e9ge szakadt. A h\u00e1bor\u00fa ut\u00e1n r\u00e9szt vett a modern fest\u00e9szet els\u0151 bajororsz\u00e1gi ki\u00e1ll\u00edt\u00e1s\u00e1n, \u201eA jelen fest\u0151i\u201d c\u00edmmel az augsburgi Schaezlerpalaisban. M\u0171veit 1949-ig az \u00f6sszes nyugati megsz\u00e1ll\u00e1si \u00f6vezetben ki\u00e1ll\u00edtott\u00e1k. A k\u00f6vetkez\u0151 \u00e9vekben k\u00fcl\u00f6nb\u00f6z\u0151 csoportos ki\u00e1ll\u00edt\u00e1sokon vett r\u00e9szt N\u00e9metorsz\u00e1gban \u00e9s k\u00fclf\u00f6ld\u00f6n.\n\nWagner 1952-ben feles\u00e9g\u00e9vel M\u00fcnchenbe k\u00f6lt\u00f6z\u00f6tt, ahol egy \u00e9vvel a feles\u00e9g hal\u00e1la ut\u00e1n meghalt. Hohensch\u00e4ftlarn-i h\u00e1z\u00e1t a Deutsche K\u00fcnstlerhilfe-ra hagyta.\n\nWagnert posztumusz a \u201eSeilt\u00e4nzer\u201d c\u00edm\u0171 festm\u00e9ny\u00e9vel tisztelt\u00e9k meg a Gro\u00dfe Kunstausstellung M\u00fcnchen \u201eDrei Jahrzehnte Neue Gruppe\u201d c\u00edm\u0171 k\u00fcl\u00f6nleges ki\u00e1ll\u00edt\u00e1s\u00e1n.\n\nM\u0171vei sz\u00e1mos ki\u00e1ll\u00edt\u00e1son szerepeltek, t\u00f6bbek k\u00f6z\u00f6tt a m\u00fcncheni Glaspalastban, a br\u00e9mai Kunsthalle-ban, a berlini Secessionban \u00e9s a m\u00fcncheni St\u00e4dtische Galerie-ban. M\u0171vei olyan k\u00f6zgy\u0171jtem\u00e9nyekben is megtal\u00e1lhat\u00f3k, mint a Bayerische Staatssammlung, a St\u00e4dtische Galerie im Lenbachhaus, a drezdai Galerie Neue Meister \u00e9s a Virginia \u00e1llambeli Richmond m\u00fazeuma.","link":"https:\/\/collection.galerie-gerdes.com\/hu\/c\/muveszek\/michel-wagner-hu\/","name":"Michel Wagner","slug":"michel-wagner-hu","taxonomy":"product_cat","parent":1861,"meta":[],"_links":{"self":[{"href":"https:\/\/collection.galerie-gerdes.com\/hu\/wp-json\/wp\/v2\/product_cat\/7700","targetHints":{"allow":["GET"]}}],"collection":[{"href":"https:\/\/collection.galerie-gerdes.com\/hu\/wp-json\/wp\/v2\/product_cat"}],"about":[{"href":"https:\/\/collection.galerie-gerdes.com\/hu\/wp-json\/wp\/v2\/taxonomies\/product_cat"}],"up":[{"embeddable":true,"href":"https:\/\/collection.galerie-gerdes.com\/hu\/wp-json\/wp\/v2\/product_cat\/1861"}],"wp:post_type":[{"href":"https:\/\/collection.galerie-gerdes.com\/hu\/wp-json\/wp\/v2\/product?product_cat=7700"}],"curies":[{"name":"wp","href":"https:\/\/api.w.org\/{rel}","templated":true}]}}