{"id":8474,"count":0,"description":"Str\u00f6minger Vilmos 1845. j\u00fanius 9-\u00e9n sz\u00fcletett Pr\u00e1g\u00e1ban \u00e9s 1901. j\u00fanius 27-\u00e9n halt meg Pr\u00e1ga-Vinohradyban. Cseh t\u00e1jk\u00e9pfest\u0151 volt.\n\nVil\u00e9m n\u00e9gy gyermek k\u00f6z\u00fcl a legid\u0151sebbk\u00e9nt Jakub Str\u00f6minger (*1816 Josefovban) portr\u00e9- \u00e9s t\u00f6rt\u00e9neti fest\u0151 \u00e9s feles\u00e9ge, Terezie, sz\u00fcletett Le\u0161\u00e1kov\u00e1 (Le\u017e\u00e1kov\u00e1) csal\u00e1dj\u00e1ban sz\u00fcletett. A csal\u00e1d a pr\u00e1gai Nov\u00e9 M\u011bsto ker\u00fcletben, a \u0160t\u011bp\u00e1nsk\u00e1 utca 352\/II. sz\u00e1m alatt lakott. Vilmost a Szent Istv\u00e1n templomban keresztelt\u00e9k meg, keresztapja Wilhelm Preiss gy\u00e1ri munk\u00e1s volt. Felt\u00e9telezhet\u0151, hogy Vil\u00e9m az apj\u00e1n\u00e1l tanult, \u00e9s val\u00f3sz\u00edn\u0171leg k\u00e9s\u0151bbi ap\u00f3sa, Anton\u00edn Gareis az id\u0151sebb Anton\u00edn Gareis k\u00e9pezte tov\u00e1bb. Fiatalabb testv\u00e9re, Jaroslav Str\u00f6minger (sz\u00fcl. 1862) szint\u00e9n fest\u0151 volt, \u00e9s rend\u0151rs\u00e9gi k\u00e9relm\u00e9ben akad\u00e9miai portr\u00e9fest\u0151k\u00e9nt volt felt\u00fcntetve.\n\nWilhelm 1868-ban megjelent els\u0151 l\u00e1ny\u00e1nak keresztel\u0151j\u00e9n Sm\u00edchovban. Ott 1869. j\u00falius 29-\u00e9n feles\u00e9g\u00fcl vette Johanna Gareist (1845. m\u00e1rcius 10. Pr\u00e1ga - 1901 ut\u00e1n), Anton\u00edn Jan Gareis n\u00fcsszeli fest\u0151m\u0171v\u00e9sz l\u00e1ny\u00e1t. Ebb\u0151l a h\u00e1zass\u00e1gb\u00f3l n\u00e9gy gyermek sz\u00fcletett: M\u00e1ria (1868-1951), Ter\u00e9zia (*1872), Eleon\u00f3ra (*1875) \u00e9s Vilmos (*1870), aki k\u00e9s\u0151bb g\u00e9p\u00e9szm\u00e9rn\u00f6k lett. A csal\u00e1d 1900-ig Pr\u00e1ga k\u00fclv\u00e1ros\u00e1ban, Vr\u0161ovic\u00e9ben \u00e9lt, majd Vinohradyba k\u00f6lt\u00f6ztek.\n\nStr\u00f6minger sokoldal\u00fa fest\u0151 volt, a romantik\u00e1t\u00f3l a realizmusig terjed\u0151 kifejez\u00e9sm\u00f3dok sz\u00e9les spektrum\u00e1t haszn\u00e1lta. T\u00e1jk\u00e9pfest\u00e9szet\u00e9re nagy hat\u00e1ssal voltak a kor\u00e1bbi gener\u00e1ci\u00f3k, t\u00f6bbek k\u00f6z\u00f6tt August Bed\u0159ich Piepenhagen, Josef Mat\u011bj Navr\u00e1til \u00e9s Hugo Ullik. Festm\u00e9nyei, f\u0151k\u00e9nt olajfestm\u00e9nyei gyakran klasszikus, h\u00e1rom s\u00edkb\u00f3l (el\u0151t\u00e9r, k\u00f6rnyezet, h\u00e1tt\u00e9r) \u00e1ll\u00f3 kompoz\u00edci\u00f3t mutatnak, el\u0151t\u00e9rben egy kis postakocsival. M\u00edg nagy- \u00e9s k\u00f6z\u00e9pm\u00e9ret\u0171 festm\u00e9nyekb\u0151l nagyon kev\u00e9s maradt fenn, addig kism\u00e9ret\u0171 festm\u00e9nyekb\u0151l sz\u00e1mos van. T\u00e1jk\u00e9pein gyakran a v\u00e1r\u00e9p\u00edt\u00e9szet vagy a v\u00e1rosi tornyok domin\u00e1lnak. A \u201eV. Str\u00f6minger\u201d szign\u00f3t \u00e1ltal\u00e1ban nagybet\u0171vel \u00edrja, gyakran egyszer\u0171 \u201eV\u201d-vel. Festm\u00e9nyeinek t\u00f6bbs\u00e9ge sem szign\u00f3val, sem d\u00e1tummal nem rendelkezik, \u00e9s vannak tal\u00e1lgat\u00e1sok arr\u00f3l, hogy egyes m\u0171veket Str\u00f6minger apja vagy feles\u00e9ge festhetett.\n\nStr\u00f6minger nyolc nagym\u00e9ret\u0171, t\u00f6bbnyire szign\u00e1lt festm\u00e9ny\u00e9nek leg\u00e9rt\u00e9kesebb gy\u0171jtem\u00e9nye a pr\u00e1gai F\u0151v\u00e1rosi M\u00fazeum tulajdon\u00e1ban van. Egyed\u00fcl\u00e1ll\u00f3 l\u00e1tk\u00e9peket tartalmaz a Sm\u00edchov, Libe\u0148 vagy Vr\u0161ovice nem meg\u0151rz\u00f6tt v\u00e1ros\u00e9p\u00edt\u00e9szeti r\u00e9szeir\u0151l, valamint a d\u011b\u010dini v\u00e1r alatti L\u00e1nch\u00edd egyed\u00fcl\u00e1ll\u00f3 l\u00e1tk\u00e9p\u00e9t.","link":"https:\/\/collection.galerie-gerdes.com\/hu\/c\/muveszek\/vilem-stroeminger-hu\/","name":"Vilem str\u00f6minger","slug":"vilem-stroeminger-hu","taxonomy":"product_cat","parent":1861,"meta":[],"_links":{"self":[{"href":"https:\/\/collection.galerie-gerdes.com\/hu\/wp-json\/wp\/v2\/product_cat\/8474","targetHints":{"allow":["GET"]}}],"collection":[{"href":"https:\/\/collection.galerie-gerdes.com\/hu\/wp-json\/wp\/v2\/product_cat"}],"about":[{"href":"https:\/\/collection.galerie-gerdes.com\/hu\/wp-json\/wp\/v2\/taxonomies\/product_cat"}],"up":[{"embeddable":true,"href":"https:\/\/collection.galerie-gerdes.com\/hu\/wp-json\/wp\/v2\/product_cat\/1861"}],"wp:post_type":[{"href":"https:\/\/collection.galerie-gerdes.com\/hu\/wp-json\/wp\/v2\/product?product_cat=8474"}],"curies":[{"name":"wp","href":"https:\/\/api.w.org\/{rel}","templated":true}]}}