{"id":8635,"count":0,"description":"Rudolf Riemerschmid n\u00e9met m\u0171v\u00e9sz volt, aki a szecesszi\u00f3s st\u00edlusban dolgozott. M\u00fcnchenben sz\u00fcletett 1873. november 2-\u00e1n \u00e9s ott is halt meg 1953-ban. \n\nHeinrich Riemerschmid (1836-1883) vegy\u00e9sz \u00e9s Marie Josepha (1844-1915) harmadik fia volt. Ut\u00f3bbi Franz Lachner (1803-1890) m\u00fcncheni f\u0151zeneigazgat\u00f3 egyetlen l\u00e1nya volt. Heinrich Riemerschmid Anton Riemerschmid (1802-1878) szeszgy\u00e1ros \u00e9s bajor politikus fia volt. A csal\u00e1di gy\u00e1rban dolgozott, ak\u00e1rcsak testv\u00e9re, Eduard (1835-1894). Eduard volt a k\u00e9s\u0151bbi \u00e9p\u00edt\u00e9sz \u00e9s b\u00fatortervez\u0151 Richard Riemerschmid (1868-1957) apja. Id\u0151nk\u00e9nt zavart okoz, amikor a k\u00e9t tehets\u00e9ges rokonnak tulajdon\u00edtanak m\u0171alkot\u00e1sokat.\n\nMiut\u00e1n Rudolf Riemerschmid a karlsruhei m\u0171v\u00e9szeti akad\u00e9mi\u00e1n Friedrich Fehr mellett m\u0171v\u00e9szeti tanulm\u00e1nyokat folytatott, visszat\u00e9rt M\u00fcnchenbe, \u00e9s csatlakozott a m\u00fcncheni szecesszi\u00f3hoz. Rendszeresen k\u00e9pviseltette mag\u00e1t a m\u0171v\u00e9szeti egyes\u00fclet \u00e1ltal \u00e9vente rendezett ki\u00e1ll\u00edt\u00e1sokon. Az 1904 \u00e9s 1920 k\u00f6z\u00f6tti \u00e9vekben a \u201eDie Jugend\u201d c\u00edm\u0171 foly\u00f3iratnak dolgozott, amely a m\u00fcncheni szecesszi\u00f3s mozgalom kiadv\u00e1nya volt, \u00e9s amelynek egyik vezet\u0151 k\u00e9pvisel\u0151je volt.\n\nAz 1920-as \u00e9vekben fel kellett adnia m\u0171v\u00e9szi p\u00e1lyafut\u00e1s\u00e1t egy fejs\u00e9r\u00fcl\u00e9s miatt, amelyet az els\u0151 vil\u00e1gh\u00e1bor\u00faban t\u00fcz\u00e9rk\u00e9nt szerzett. Ez a s\u00e9r\u00fcl\u00e9s fokozatos vaks\u00e1ghoz vezetett. Ennek k\u00f6vetkezt\u00e9ben a m\u0171v\u00e9sz munk\u00e1ss\u00e1ga meglehet\u0151sen korl\u00e1tozott. Rudolf Riemerschmid nyolcvan\u00e9ves kor\u00e1ban halt meg sz\u00fcl\u0151v\u00e1ros\u00e1ban, M\u00fcnchenben.\n\nViszonylag kev\u00e9s festm\u00e9nyt hagyott h\u00e1tra, amelyeket monogrammal ell\u00e1tott. T\u00e9mav\u00e1laszt\u00e1sa gyakran hagyom\u00e1nyos volt, \u00e9s gyakran fiatal n\u0151ket vagy j\u00e1tsz\u00f3 vagy t\u00e1ncol\u00f3 gyermekcsoportokat \u00e1br\u00e1zolt. P\u00e1ly\u00e1ja k\u00e9s\u0151bbi szakasz\u00e1ban egyre ink\u00e1bb a szecesszi\u00f3s form\u00e1khoz ny\u00falt.","link":"https:\/\/collection.galerie-gerdes.com\/hu\/c\/muveszek\/rudolf-riemerschmid-hu\/","name":"Rudolf Riemerschmid","slug":"rudolf-riemerschmid-hu","taxonomy":"product_cat","parent":1861,"meta":[],"_links":{"self":[{"href":"https:\/\/collection.galerie-gerdes.com\/hu\/wp-json\/wp\/v2\/product_cat\/8635","targetHints":{"allow":["GET"]}}],"collection":[{"href":"https:\/\/collection.galerie-gerdes.com\/hu\/wp-json\/wp\/v2\/product_cat"}],"about":[{"href":"https:\/\/collection.galerie-gerdes.com\/hu\/wp-json\/wp\/v2\/taxonomies\/product_cat"}],"up":[{"embeddable":true,"href":"https:\/\/collection.galerie-gerdes.com\/hu\/wp-json\/wp\/v2\/product_cat\/1861"}],"wp:post_type":[{"href":"https:\/\/collection.galerie-gerdes.com\/hu\/wp-json\/wp\/v2\/product?product_cat=8635"}],"curies":[{"name":"wp","href":"https:\/\/api.w.org\/{rel}","templated":true}]}}